{"id":7843,"date":"2021-02-16T16:47:25","date_gmt":"2021-02-16T15:47:25","guid":{"rendered":"https:\/\/www.bridal-times.com\/de\/?p=7843"},"modified":"2021-02-16T17:03:55","modified_gmt":"2021-02-16T16:03:55","slug":"35-ist-die-neue-50-brautmodenausstatter-aeussern-sich-laut-ueber-die-neue-massnahmen","status":"publish","type":"post","link":"https:\/\/www.bridal-times.com\/de\/35-ist-die-neue-50-brautmodenausstatter-aeussern-sich-laut-ueber-die-neue-massnahmen\/","title":{"rendered":"35 ist die neue 50: Brautmodenausstatter \u00e4u\u00dfern sich laut \u00fcber die neue Ma\u00dfnahmen"},"content":{"rendered":"<blockquote><p>Von der Dekoration der Schaufenster von Brautmodegesch\u00e4ften ganz in Schwarz, bis hin zu viralen Protestvideos machen Brautmodenaustatter ihrem Frust und ihrer Wut \u00fcber die neuen Regelungen Luft, welche beim Corona-Gipfel am 10. Februar 2021 in Berlin verk\u00fcndet wurden.<\/p><\/blockquote>\n<p>\u00dcber eine Sperrzeitverl\u00e4ngerung bis Anfang M\u00e4rz wurde viel spekuliert, doch die Nachricht, dass Einzelh\u00e4ndler nur dann wieder \u00f6ffnen d\u00fcrfen, wenn ihr Landkreis eine 7-Tage-Inzidenz von 35 erreicht, schockierte viele. Die Frage, die sich jeder stellt, ist, wie lange wird es dauern, bis unsere Regionen auf 35 sinken, und wird dies \u00fcberhaupt f\u00fcr einige Gebiete m\u00f6glich sein, die von Corona-Infektionen hart getroffen wurden?<\/p>\n<p>In einer kurz nach der Bekanntgabe der neuen Regelungen ver\u00f6ffentlichten Stellungnahme erkl\u00e4rte der Handelsverband Deutschland (HDE), Hauptgesch\u00e4ftsf\u00fchrer Stefan Genth:<\/p>\n<p>\u201cDie Corona-Beschl\u00fcsse werden der Realit\u00e4t im Einzelhandel nicht gerecht. Die Politik hat ihre Hausaufgaben nicht gemacht und bleibt in dieser f\u00fcr uns alle dramatischen Situation den vor Wochen versprochenen Plan zum Ausstieg aus dem Lockdown schuldig\u201c, so HDE-Hauptgesch\u00e4ftsf\u00fchrer Stefan Genth. Dieser Umgang mit den rund 200.000 vom Lockdown betroffenen Handelsunternehmen sei unangemessen und unverst\u00e4ndlich. Die Branche habe mit ihren funktionierenden Hygienekonzepten nachweislich daf\u00fcr gesorgt, dass der Einkauf auch in Pandemiezeiten sicher ist. Zudem sieht der HDE mit der neuen Festlegung der Inzidenzzahl von 35 f\u00fcr eine Wiederer\u00f6ffnung der Gesch\u00e4fte keine nachvollziehbare Basis.\u201c<\/p>\n<p>Die Reaktionen aus der Brautmoden-Industrie war laut und deutlich, als Brautausstatter \u00fcber Bridal Times ihre Wut, Frustration und Traurigkeit \u00fcber die neuen Regelungen teilen. Viele von ihnen haben laufende Kosten, aber nicht die versprochene finanzielle Unterst\u00fctzung erhalten.<\/p>\n<p><strong>Inh. Ann-Katrin Nicklaus<\/strong> <strong>von<\/strong> <strong><a href=\"https:\/\/www.herzliebe-neumarkt.de\/\" target=\"_blank\" rel=\"noopener\">HERZLIEBE Brautmode &#8211; Hochzeitsplanung &#8211; Dekoverleih<\/a> <\/strong><strong>aus Neumarkt in der Oberpfalz, Bayern<\/strong><\/p>\n<p><img loading=\"lazy\" decoding=\"async\" class=\"wp-image-7832 aligncenter\" src=\"https:\/\/www.bridal-times.com\/de\/wp-content\/uploads\/2021\/02\/Ann-Katrin-Nicklaus.jpg\" alt=\"\" width=\"532\" height=\"532\" srcset=\"https:\/\/www.bridal-times.com\/de\/wp-content\/uploads\/2021\/02\/Ann-Katrin-Nicklaus.jpg 1280w, https:\/\/www.bridal-times.com\/de\/wp-content\/uploads\/2021\/02\/Ann-Katrin-Nicklaus-300x300.jpg 300w, https:\/\/www.bridal-times.com\/de\/wp-content\/uploads\/2021\/02\/Ann-Katrin-Nicklaus-1024x1024.jpg 1024w, https:\/\/www.bridal-times.com\/de\/wp-content\/uploads\/2021\/02\/Ann-Katrin-Nicklaus-150x150.jpg 150w, https:\/\/www.bridal-times.com\/de\/wp-content\/uploads\/2021\/02\/Ann-Katrin-Nicklaus-768x768.jpg 768w, https:\/\/www.bridal-times.com\/de\/wp-content\/uploads\/2021\/02\/Ann-Katrin-Nicklaus-520x520.jpg 520w, https:\/\/www.bridal-times.com\/de\/wp-content\/uploads\/2021\/02\/Ann-Katrin-Nicklaus-1140x1140.jpg 1140w, https:\/\/www.bridal-times.com\/de\/wp-content\/uploads\/2021\/02\/Ann-Katrin-Nicklaus-500x500.jpg 500w\" sizes=\"auto, (max-width: 532px) 100vw, 532px\" \/><\/p>\n<p>\u201eIch bin traurig und fassungslos \u00fcber die Willk\u00fcr von Genehmigungen. Eine Branche, die die Hygienema\u00dfnahmen zu 100% einhalten k\u00f6nnte, wird komplett au\u00dfer Acht gelassen. Eine \u00dcberbr\u00fcckungshilfe bekomme ich nicht, weil ich erst nach April gegr\u00fcndet habe. Ich hatte noch nicht einmal die Chance R\u00fccklagen zu bilden. Ich bin so unfassbar entt\u00e4uscht von der Regierung.\u201c<\/p>\n<hr \/>\n<p><strong>Inh. Katrin Wernigk-Storz von <a href=\"https:\/\/www.lieblich-brautmode.de\/\" target=\"_blank\" rel=\"noopener\">Lieblich &#8211; Brautmode &amp; mehr<\/a> aus Lahr im Schwarzwald, Baden-W\u00fcrttemberg<\/strong><\/p>\n<p><img loading=\"lazy\" decoding=\"async\" class=\"wp-image-7834 aligncenter\" src=\"https:\/\/www.bridal-times.com\/de\/wp-content\/uploads\/2021\/02\/Katrin-Wernigk-Storz-2.jpg\" alt=\"\" width=\"537\" height=\"716\" srcset=\"https:\/\/www.bridal-times.com\/de\/wp-content\/uploads\/2021\/02\/Katrin-Wernigk-Storz-2.jpg 960w, https:\/\/www.bridal-times.com\/de\/wp-content\/uploads\/2021\/02\/Katrin-Wernigk-Storz-2-225x300.jpg 225w, https:\/\/www.bridal-times.com\/de\/wp-content\/uploads\/2021\/02\/Katrin-Wernigk-Storz-2-768x1024.jpg 768w, https:\/\/www.bridal-times.com\/de\/wp-content\/uploads\/2021\/02\/Katrin-Wernigk-Storz-2-390x520.jpg 390w, https:\/\/www.bridal-times.com\/de\/wp-content\/uploads\/2021\/02\/Katrin-Wernigk-Storz-2-150x200.jpg 150w, https:\/\/www.bridal-times.com\/de\/wp-content\/uploads\/2021\/02\/Katrin-Wernigk-Storz-2-375x500.jpg 375w\" sizes=\"auto, (max-width: 537px) 100vw, 537px\" \/><\/p>\n<p>\u201cNun stehe ich wie viele meiner Kollegen vor einem riesigen Scherbenhaufen, und kann es kaum in Worte fassen wie sehr ich mich im Stich gelassen f\u00fchle. Seit Oktober 2020 verspricht man uns finanzielle Hilfe, doch nichts geschieht, keine Fixkosten, keine Entsch\u00e4digung, keine Hoffnung. Mein Traum ist zu einem Albtraum geworden. In der Hoffnung, dass wir bald wieder wenigstens auf Termine arbeiten d\u00fcrfen (da ja trotzdem geheiratet werden darf?!) habe ich mir einen neuen Kredit holen m\u00fcssen und sitze jetzt da, einsam in meinem Gesch\u00e4ft und frage mich, wie lange halte ich noch durch. Ich h\u00e4tte nie gedacht, dass ich eines Tages mich danach sehne arbeiten zu d\u00fcrfen. Wir m\u00fcssen anfangen und lernen mit dieser Krankheit umzugehen und nicht vor Angst zu erstarren. Nat\u00fcrlich muss die Regierung handeln und uns besch\u00fctzen, aber es ist nicht die L\u00f6sung, uns nicht zu besch\u00fctzen\u201c<\/p>\n<hr \/>\n<p><strong>Inh. Laura Vendt von <a href=\"https:\/\/www.lieblingsbraut.com\/\" target=\"_blank\" rel=\"noopener\">Lieblingsbraut Konzeptboutique GbR<\/a> aus Ottersberg, Niedersachsen<\/strong><\/p>\n<p><img loading=\"lazy\" decoding=\"async\" class=\"wp-image-7836 aligncenter\" src=\"https:\/\/www.bridal-times.com\/de\/wp-content\/uploads\/2021\/02\/Laura-von-Lieblingsbraut.jpg\" alt=\"\" width=\"662\" height=\"568\" srcset=\"https:\/\/www.bridal-times.com\/de\/wp-content\/uploads\/2021\/02\/Laura-von-Lieblingsbraut.jpg 1280w, https:\/\/www.bridal-times.com\/de\/wp-content\/uploads\/2021\/02\/Laura-von-Lieblingsbraut-300x257.jpg 300w, https:\/\/www.bridal-times.com\/de\/wp-content\/uploads\/2021\/02\/Laura-von-Lieblingsbraut-1024x878.jpg 1024w, https:\/\/www.bridal-times.com\/de\/wp-content\/uploads\/2021\/02\/Laura-von-Lieblingsbraut-768x659.jpg 768w, https:\/\/www.bridal-times.com\/de\/wp-content\/uploads\/2021\/02\/Laura-von-Lieblingsbraut-520x446.jpg 520w, https:\/\/www.bridal-times.com\/de\/wp-content\/uploads\/2021\/02\/Laura-von-Lieblingsbraut-1140x978.jpg 1140w, https:\/\/www.bridal-times.com\/de\/wp-content\/uploads\/2021\/02\/Laura-von-Lieblingsbraut-150x129.jpg 150w, https:\/\/www.bridal-times.com\/de\/wp-content\/uploads\/2021\/02\/Laura-von-Lieblingsbraut-500x429.jpg 500w\" sizes=\"auto, (max-width: 662px) 100vw, 662px\" \/><\/p>\n<p>\u201eIn unserer Region in Niedersachsen liegt die Inzidenz schon seit Mitte Januar stabil bei unter 35. Warum sind wir weiterhin zwangsweise geschlossen? Warum kann man nicht differenziert betrachten, statt pauschal alle wirtschaftlich in die Knie zu zwingen? F\u00fcr uns macht das alles keinen Sinn mehr und das Vertrauen in die Regierung, aber auch die \u00f6rtliche Verwaltung ist verloren gegangen. Wir m\u00f6chten einfach nur unter sicheren Hygienema\u00dfnahmen unseren Beruf aus\u00fcben d\u00fcrfen und f\u00fcr unsere Br\u00e4ute da sein.\u201c<\/p>\n<hr \/>\n<p><strong>Inh. Melanie Blumberg von <a href=\"https:\/\/bezaubernd.bayern\/\" target=\"_blank\" rel=\"noopener\">Bezaubernd<\/a> aus Mitterteich, Bayern<\/strong><\/p>\n<p><img loading=\"lazy\" decoding=\"async\" class=\" wp-image-7833 aligncenter\" src=\"https:\/\/www.bridal-times.com\/de\/wp-content\/uploads\/2021\/02\/Bezaubernd-2.jpg\" alt=\"\" width=\"716\" height=\"498\" srcset=\"https:\/\/www.bridal-times.com\/de\/wp-content\/uploads\/2021\/02\/Bezaubernd-2.jpg 1280w, https:\/\/www.bridal-times.com\/de\/wp-content\/uploads\/2021\/02\/Bezaubernd-2-300x209.jpg 300w, https:\/\/www.bridal-times.com\/de\/wp-content\/uploads\/2021\/02\/Bezaubernd-2-1024x712.jpg 1024w, https:\/\/www.bridal-times.com\/de\/wp-content\/uploads\/2021\/02\/Bezaubernd-2-768x534.jpg 768w, https:\/\/www.bridal-times.com\/de\/wp-content\/uploads\/2021\/02\/Bezaubernd-2-520x362.jpg 520w, https:\/\/www.bridal-times.com\/de\/wp-content\/uploads\/2021\/02\/Bezaubernd-2-1140x793.jpg 1140w, https:\/\/www.bridal-times.com\/de\/wp-content\/uploads\/2021\/02\/Bezaubernd-2-150x104.jpg 150w, https:\/\/www.bridal-times.com\/de\/wp-content\/uploads\/2021\/02\/Bezaubernd-2-500x348.jpg 500w\" sizes=\"auto, (max-width: 716px) 100vw, 716px\" \/><\/p>\n<p>\u201eWir sind mittlerweile krank vor Sorge und wissen nicht, wie es weitergehen soll. Wir haben ordentliche Hygienekonzepte mit Einzelterminen und die Sicherheit unserer Kunden steht an Erster Stelle. Trotzdem d\u00fcrfen wir nicht \u00f6ffnen! Man nimmt uns unsere Hauptsaison und die Liebe und Freude unserer Kundinnen. Wir befinden uns in einem Grenzgebiet mit dem h\u00f6chsten Inzidenzwert in ganz Deutschland. Wer wei\u00df, ob wir den Inzidenzwert von unter 35 \u00fcberhaupt erreichen. Wir sind einfach nur sprachlos!\u201c<\/p>\n<hr \/>\n<p><strong>Inh. Elena Wolf von <a href=\"https:\/\/www.hochzeitwelt.com\/\" target=\"_blank\" rel=\"noopener\">Brautstudio Karben by Elena<\/a> aus Karben, Hessen<\/strong><\/p>\n<p><img loading=\"lazy\" decoding=\"async\" class=\" wp-image-7837 aligncenter\" src=\"https:\/\/www.bridal-times.com\/de\/wp-content\/uploads\/2021\/02\/Elena-Wolf.jpeg\" alt=\"\" width=\"653\" height=\"980\" srcset=\"https:\/\/www.bridal-times.com\/de\/wp-content\/uploads\/2021\/02\/Elena-Wolf.jpeg 853w, https:\/\/www.bridal-times.com\/de\/wp-content\/uploads\/2021\/02\/Elena-Wolf-200x300.jpeg 200w, https:\/\/www.bridal-times.com\/de\/wp-content\/uploads\/2021\/02\/Elena-Wolf-682x1024.jpeg 682w, https:\/\/www.bridal-times.com\/de\/wp-content\/uploads\/2021\/02\/Elena-Wolf-768x1152.jpeg 768w, https:\/\/www.bridal-times.com\/de\/wp-content\/uploads\/2021\/02\/Elena-Wolf-347x520.jpeg 347w, https:\/\/www.bridal-times.com\/de\/wp-content\/uploads\/2021\/02\/Elena-Wolf-150x225.jpeg 150w, https:\/\/www.bridal-times.com\/de\/wp-content\/uploads\/2021\/02\/Elena-Wolf-333x500.jpeg 333w\" sizes=\"auto, (max-width: 653px) 100vw, 653px\" \/><\/p>\n<p>\u201eViele Unternehmen stehen mit dem R\u00fccken zur Wand. \u00a0Hilfen wurden noch nicht bezahlt und der eigene Laden ist seit Wochen geschlossen. Hilflosigkeit, Unverst\u00e4ndnis, Wut und Verzweiflung machen sich breit. \u00a0Strenge Hygienekonzepte wurden entwickelt und alle Vorgaben eingehalten und trotzdem bleibt uns verwehrt zu tun was wir lieben. \u00a0Wir m\u00fcssen lernen nach L\u00f6sungen zu suchen, die es uns erm\u00f6glichen mit dem Virus zu leben. Es wird nicht mehr verschwinden und die aktuelle Situation ist NICHT die L\u00f6sung! \u00a0Sie treibt Unternehmen mit Vorsatz in den Ruin ohne eigenes Verschulden. Es wird zerst\u00f6rt, was wir uns hart erarbeitet haben.\u201c<\/p>\n<hr \/>\n<p><strong>Inh. Antje Linxweiler und Inh. Nadine Darmst\u00e4dter von <a href=\"https:\/\/kurvenschoen.com\/\" target=\"_blank\" rel=\"noopener\">Kurvensch\u00f6n Gbr<\/a> aus Hagen, Nordrhein-Westfalen<\/strong><\/p>\n<p><img loading=\"lazy\" decoding=\"async\" class=\" wp-image-7835 aligncenter\" src=\"https:\/\/www.bridal-times.com\/de\/wp-content\/uploads\/2021\/02\/inCollage_20210211_234035218-edited.jpg\" alt=\"\" width=\"589\" height=\"961\" srcset=\"https:\/\/www.bridal-times.com\/de\/wp-content\/uploads\/2021\/02\/inCollage_20210211_234035218-edited-184x300.jpg 184w, https:\/\/www.bridal-times.com\/de\/wp-content\/uploads\/2021\/02\/inCollage_20210211_234035218-edited-319x520.jpg 319w, https:\/\/www.bridal-times.com\/de\/wp-content\/uploads\/2021\/02\/inCollage_20210211_234035218-edited-150x244.jpg 150w, https:\/\/www.bridal-times.com\/de\/wp-content\/uploads\/2021\/02\/inCollage_20210211_234035218-edited-307x500.jpg 307w\" sizes=\"auto, (max-width: 589px) 100vw, 589px\" \/><\/p>\n<p>\u201eVon Tr\u00e4nen voller Emotionen zu Tr\u00e4nen voller Verzweiflung stehen wir fassungslos\u00a0und verzweifelt in unserem sch\u00f6nen Brautmodenatelier Kurvensch\u00f6n. Wir bieten 400 qm f\u00fcr eine Braut, ein Hygienekonzept und ganz viel Abstand, und ganz viel Liebe f\u00fcr unsere tollen curvy Br\u00e4ute. Und dennoch bleiben wir weiterhin geschlossen. Es ist keine Hilfe in Sicht, das macht unser Herz sehr schwer. Wir beten vielleicht im M\u00e4rz wieder \u00f6ffnen zu k\u00f6nnen. Wir vermissen unsere Br\u00e4ute!\u201c<\/p>\n<hr \/>\n<p><strong>Inh. Alexandra Martina-Paitz von <a href=\"https:\/\/www.brautmoden-persempre.com\/\" target=\"_blank\" rel=\"noopener\">Brautmoden Per Sempre<\/a> aus Gerlingen, Baden-W\u00fcrttemberg<\/strong><\/p>\n<p><img loading=\"lazy\" decoding=\"async\" class=\" wp-image-7831 aligncenter\" src=\"https:\/\/www.bridal-times.com\/de\/wp-content\/uploads\/2021\/02\/Alexandra-Martina-Paitz.jpg\" alt=\"\" width=\"803\" height=\"565\" srcset=\"https:\/\/www.bridal-times.com\/de\/wp-content\/uploads\/2021\/02\/Alexandra-Martina-Paitz.jpg 1280w, https:\/\/www.bridal-times.com\/de\/wp-content\/uploads\/2021\/02\/Alexandra-Martina-Paitz-300x211.jpg 300w, https:\/\/www.bridal-times.com\/de\/wp-content\/uploads\/2021\/02\/Alexandra-Martina-Paitz-1024x721.jpg 1024w, https:\/\/www.bridal-times.com\/de\/wp-content\/uploads\/2021\/02\/Alexandra-Martina-Paitz-768x541.jpg 768w, https:\/\/www.bridal-times.com\/de\/wp-content\/uploads\/2021\/02\/Alexandra-Martina-Paitz-520x366.jpg 520w, https:\/\/www.bridal-times.com\/de\/wp-content\/uploads\/2021\/02\/Alexandra-Martina-Paitz-1140x802.jpg 1140w, https:\/\/www.bridal-times.com\/de\/wp-content\/uploads\/2021\/02\/Alexandra-Martina-Paitz-150x106.jpg 150w, https:\/\/www.bridal-times.com\/de\/wp-content\/uploads\/2021\/02\/Alexandra-Martina-Paitz-500x352.jpg 500w\" sizes=\"auto, (max-width: 803px) 100vw, 803px\" \/><\/p>\n<p>\u201eIm Moment ist das wirklich eine schwierige Situation \u2013 nicht nur f\u00fcr uns Brautmodengesch\u00e4fte, sondern nat\u00fcrlich auch f\u00fcr die Br\u00e4ute, die jetzt auf der Suche nach ihrem Kleid sind. Es tut mir so wahnsinnig leid, dass ich die Br\u00e4ute immer wieder vertr\u00f6sten und ihren Termin ein ums andere Mal verschieben muss. Gerade, wo doch der Kauf des Brautkleides etwas ganz Besonderes ist. Das wird durch die aktuelle Lage nat\u00fcrlich ein bisschen getr\u00fcbt.<\/p>\n<p>Dazu kommt nat\u00fcrlich die finanzielle Belastung f\u00fcr uns Brautmodengesch\u00e4fte. Die Kosten laufen alle weiter und die gro\u00df angek\u00fcndigten, finanziellen Hilfen lassen leider auf sich warten. Extrem belastend und existenzvernichtend.\u201c<\/p>\n<hr \/>\n<p><strong>Inh. Doris Nothnagel von <a href=\"https:\/\/www.allaboutdreams.de\/\" target=\"_blank\" rel=\"noopener\">All about Dreams<\/a> aus Stuttgart, Baden-W\u00fcrttemberg<\/strong><\/p>\n<p><img loading=\"lazy\" decoding=\"async\" class=\" wp-image-7848 aligncenter\" src=\"https:\/\/www.bridal-times.com\/de\/wp-content\/uploads\/2021\/02\/Doris-Nothnagel.jpg\" alt=\"\" width=\"484\" height=\"726\" srcset=\"https:\/\/www.bridal-times.com\/de\/wp-content\/uploads\/2021\/02\/Doris-Nothnagel.jpg 853w, https:\/\/www.bridal-times.com\/de\/wp-content\/uploads\/2021\/02\/Doris-Nothnagel-200x300.jpg 200w, https:\/\/www.bridal-times.com\/de\/wp-content\/uploads\/2021\/02\/Doris-Nothnagel-682x1024.jpg 682w, https:\/\/www.bridal-times.com\/de\/wp-content\/uploads\/2021\/02\/Doris-Nothnagel-768x1152.jpg 768w, https:\/\/www.bridal-times.com\/de\/wp-content\/uploads\/2021\/02\/Doris-Nothnagel-347x520.jpg 347w, https:\/\/www.bridal-times.com\/de\/wp-content\/uploads\/2021\/02\/Doris-Nothnagel-150x225.jpg 150w, https:\/\/www.bridal-times.com\/de\/wp-content\/uploads\/2021\/02\/Doris-Nothnagel-333x500.jpg 333w\" sizes=\"auto, (max-width: 484px) 100vw, 484px\" \/><\/p>\n<p>\u201eDie aktuelle Situation (unterschiedlichste Vorgaben in den Bundesl\u00e4ndern\u00a0 und ein Flickenteppich an Regelungen) sorgt f\u00fcr maximale Unsicherheit &#8211; bei Br\u00e4uten wie auch bei Brautmodengesch\u00e4ften. Die Folgen sind fatal: unterschiedliche \u00d6ffnungsm\u00f6glichkeiten und Interpretationen, Brauttourismus, mangelnde Rechtssicherheit, und letztendlich auch ein maximales Risiko: wirtschaftlich wie rechtlich. Das h\u00e4lt niemand auf Dauer unbeschadet durch. Wir sind am Rande unserer Existenz, und auch bei denen, die sich bislang korrekt verhalten haben, br\u00f6ckelt aus Verzweiflung und Verst\u00e4ndnislosigkeit die Motivation zur Einhaltung der Regeln. Fest steht: jeder Supermarktbesuch ist erheblich riskanter als eine Brautkleid-Anprobe (hygienisch, nachvollziehbar, mit Abstand auf gen\u00fcgend Fl\u00e4che) im Brautmodenfachgesch\u00e4ft!\u201c<\/p>\n<hr \/>\n<p><strong>Inh. Corinna Hertel von <a href=\"https:\/\/www.loftundliebe.com\/\" target=\"_blank\" rel=\"noopener\">Loft und Liebe Hochzeitsatelier<\/a> aus Mistelbach, Bayern<\/strong><\/p>\n<p><img loading=\"lazy\" decoding=\"async\" class=\" wp-image-7840 aligncenter\" src=\"https:\/\/www.bridal-times.com\/de\/wp-content\/uploads\/2021\/02\/Corinna-Hertel.jpg\" alt=\"\" width=\"771\" height=\"513\" srcset=\"https:\/\/www.bridal-times.com\/de\/wp-content\/uploads\/2021\/02\/Corinna-Hertel.jpg 1280w, https:\/\/www.bridal-times.com\/de\/wp-content\/uploads\/2021\/02\/Corinna-Hertel-300x200.jpg 300w, https:\/\/www.bridal-times.com\/de\/wp-content\/uploads\/2021\/02\/Corinna-Hertel-1024x682.jpg 1024w, https:\/\/www.bridal-times.com\/de\/wp-content\/uploads\/2021\/02\/Corinna-Hertel-768x512.jpg 768w, https:\/\/www.bridal-times.com\/de\/wp-content\/uploads\/2021\/02\/Corinna-Hertel-520x347.jpg 520w, https:\/\/www.bridal-times.com\/de\/wp-content\/uploads\/2021\/02\/Corinna-Hertel-1140x760.jpg 1140w, https:\/\/www.bridal-times.com\/de\/wp-content\/uploads\/2021\/02\/Corinna-Hertel-150x100.jpg 150w, https:\/\/www.bridal-times.com\/de\/wp-content\/uploads\/2021\/02\/Corinna-Hertel-500x333.jpg 500w\" sizes=\"auto, (max-width: 771px) 100vw, 771px\" \/><\/p>\n<p>\u201eSicherlich war uns bewusst, dass der Lockdown zur Eind\u00e4mmung der Pandemie verl\u00e4ngert werden w\u00fcrde. Doch hatten wir gehofft, dass es Stufenpl\u00e4ne oder Aussichten f\u00fcr bundesweit einheitliche Regelungen gibt. Unverst\u00e4ndlich bleiben die ungleichen Regelungen in den unterschiedlichen Bundesl\u00e4ndern\u2026 Das f\u00fchrt zu gro\u00dfen Unsicherheiten und extremen Belastungen, Sorgen und \u00c4ngsten\u2026 emotional wie wirtschaftlich. Wir sind am Rand unserer Kr\u00e4fte und wirtschaftlichen Ressourcen. Wir vermissen unsere Arbeit, unsere Br\u00e4ute und unsere Kleider, die an Br\u00e4uten erstrahlen. Schon im November und Dezember haben wir die Anzahl der Begleitungen auf die +1-Hausstand-Regelung heruntergefahren und ab Dezember den Br\u00e4uten FFP2-Masken ausgeteilt. Das geht \u00fcberall\u2026 bundesweit.\u201c<\/p>\n<hr \/>\n<p><strong>Wir m\u00f6chten uns bei allen bedanken, die ihre Meinung zur aktuellen Situation mit Bridal Times geteilt haben. <\/strong><strong>Wir w\u00fcnschen allen viel Kraft in dieser schwierigen Zeit und f\u00fchlen uns geehrt, den Brautmodenausstattern eine zus\u00e4tzliche Plattform bieten zu k\u00f6nnen, auf der alle ihre Stimmen platziert und geh\u00f6rt werden k\u00f6nnen.<\/strong><\/p>\n<div style=\"width: 720px;\" class=\"wp-video\"><video class=\"wp-video-shortcode\" id=\"video-7843-1\" width=\"720\" height=\"576\" preload=\"metadata\" controls=\"controls\"><source type=\"video\/mp4\" src=\"https:\/\/www.bridal-times.com\/de\/wp-content\/uploads\/2021\/02\/SD.mp4?_=1\" \/><a href=\"https:\/\/www.bridal-times.com\/de\/wp-content\/uploads\/2021\/02\/SD.mp4\">https:\/\/www.bridal-times.com\/de\/wp-content\/uploads\/2021\/02\/SD.mp4<\/a><\/video><\/div>\n<p><strong>Video von Aniko Kawaters, Inh. von\u00a0<a href=\"https:\/\/brautgewand-aus-zweiter-hand.de\/\" target=\"_blank\" rel=\"noopener\">Brautgewa<\/a><a href=\"https:\/\/brautgewand-aus-zweiter-hand.de\/\" target=\"_blank\" rel=\"noopener\">nd<\/a><a href=\"https:\/\/brautgewand-aus-zweiter-hand.de\/\" target=\"_blank\" rel=\"noopener\"> aus zweiter Hand<\/a> aus Emmerich am Rhein, Nordrhein-Westfalen<\/strong><\/p>\n<p>&nbsp;<\/p>\n","protected":false},"excerpt":{"rendered":"<p>Von der Dekoration der Schaufenster von Brautmodegesch\u00e4ften ganz in Schwarz, bis hin zu viralen Protestvideos machen Brautmodenaustatter ihrem Frust und ihrer Wut \u00fcber die neuen Regelungen Luft, welche beim Corona-Gipfel am 10. Februar 2021 in Berlin verk\u00fcndet wurden. \u00dcber eine Sperrzeitverl\u00e4ngerung bis Anfang M\u00e4rz wurde viel spekuliert, doch die Nachricht, dass Einzelh\u00e4ndler nur dann wieder \u00f6ffnen d\u00fcrfen, wenn ihr Landkreis eine 7-Tage-Inzidenz von 35 erreicht, schockierte viele. Die Frage, die sich jeder stellt, ist, wie lange wird es dauern, bis unsere Regionen auf 35 sinken, und wird dies \u00fcberhaupt f\u00fcr einige Gebiete m\u00f6glich sein, die von Corona-Infektionen hart getroffen wurden? In einer kurz nach der Bekanntgabe der neuen Regelungen ver\u00f6ffentlichten Stellungnahme erkl\u00e4rte der Handelsverband Deutschland (HDE), Hauptgesch\u00e4ftsf\u00fchrer Stefan Genth: \u201cDie Corona-Beschl\u00fcsse werden der Realit\u00e4t im Einzelhandel nicht gerecht. Die Politik hat ihre Hausaufgaben nicht gemacht und bleibt in dieser f\u00fcr uns alle dramatischen Situation den vor Wochen versprochenen Plan zum Ausstieg aus dem Lockdown schuldig\u201c, so HDE-Hauptgesch\u00e4ftsf\u00fchrer Stefan Genth. Dieser Umgang mit den rund 200.000 vom Lockdown betroffenen Handelsunternehmen sei unangemessen und unverst\u00e4ndlich. Die Branche habe mit ihren funktionierenden Hygienekonzepten nachweislich daf\u00fcr gesorgt, dass der Einkauf auch in Pandemiezeiten sicher ist. Zudem sieht der HDE mit der neuen Festlegung der [&hellip;]<\/p>\n","protected":false},"author":1,"featured_media":7867,"comment_status":"closed","ping_status":"closed","sticky":false,"template":"","format":"standard","meta":{"footnotes":""},"categories":[14,62],"tags":[],"class_list":["post-7843","post","type-post","status-publish","format-standard","has-post-thumbnail","hentry","category-news","category-top-news"],"_links":{"self":[{"href":"https:\/\/www.bridal-times.com\/de\/wp-json\/wp\/v2\/posts\/7843","targetHints":{"allow":["GET"]}}],"collection":[{"href":"https:\/\/www.bridal-times.com\/de\/wp-json\/wp\/v2\/posts"}],"about":[{"href":"https:\/\/www.bridal-times.com\/de\/wp-json\/wp\/v2\/types\/post"}],"author":[{"embeddable":true,"href":"https:\/\/www.bridal-times.com\/de\/wp-json\/wp\/v2\/users\/1"}],"replies":[{"embeddable":true,"href":"https:\/\/www.bridal-times.com\/de\/wp-json\/wp\/v2\/comments?post=7843"}],"version-history":[{"count":24,"href":"https:\/\/www.bridal-times.com\/de\/wp-json\/wp\/v2\/posts\/7843\/revisions"}],"predecessor-version":[{"id":7870,"href":"https:\/\/www.bridal-times.com\/de\/wp-json\/wp\/v2\/posts\/7843\/revisions\/7870"}],"wp:featuredmedia":[{"embeddable":true,"href":"https:\/\/www.bridal-times.com\/de\/wp-json\/wp\/v2\/media\/7867"}],"wp:attachment":[{"href":"https:\/\/www.bridal-times.com\/de\/wp-json\/wp\/v2\/media?parent=7843"}],"wp:term":[{"taxonomy":"category","embeddable":true,"href":"https:\/\/www.bridal-times.com\/de\/wp-json\/wp\/v2\/categories?post=7843"},{"taxonomy":"post_tag","embeddable":true,"href":"https:\/\/www.bridal-times.com\/de\/wp-json\/wp\/v2\/tags?post=7843"}],"curies":[{"name":"wp","href":"https:\/\/api.w.org\/{rel}","templated":true}]}}