{"id":2232,"date":"2018-05-27T14:20:07","date_gmt":"2018-05-27T12:20:07","guid":{"rendered":"https:\/\/www.bridal-times.com\/de\/?p=2232"},"modified":"2018-05-28T09:44:54","modified_gmt":"2018-05-28T07:44:54","slug":"passende-guertelkollektion-zum-festlichen-schuhprogramm","status":"publish","type":"post","link":"https:\/\/www.bridal-times.com\/de\/passende-guertelkollektion-zum-festlichen-schuhprogramm\/","title":{"rendered":"G\u00fcrtelkollektion zum festlichen Schuhprogramm"},"content":{"rendered":"<blockquote><p>Passend zur Wilvorst Schuhkollektion rundet die neue G\u00fcrtelkollektion den Look rund um den Hochzeitsanzug perfekt ab.<\/p><\/blockquote>\n<p>Die Schuhkollektion aus dem Hause WILVORST \u00fcberzeugt durch hochwertiges, italienisches Design, feinstes Leder, trendige Schnitte und neue Farben \u2013passend zu jedem eleganten Hochzeitslook, festlichen Outfit.<\/p>\n<p>Zum \u201eRund-um-Sorglos\u201c Paket der festlichen Bekleidung hat bislang nur noch der festliche, perfekt abgestimmte G\u00fcrtel gefehlt, dies \u00e4ndert sich ab Mitte Juni.<\/p>\n<p>WILVORST erweitert sein vielf\u00e4ltiges Accessoire Programm passend zum Hochzeitsanzug und zur festlichen Bekleidung: Eine G\u00fcrtelkollektion. Alle G\u00fcrtel sind perfekt zum Schuhprogramm abgestimmt und vollenden jeden festlichen Look perfekt.<\/p>\n<p>Die G\u00fcrtelkollektion wird ab Mitte Juni 2018 im ausgew\u00e4hlten Fachhandel zu einem Verkaufspreis von 49,95 \u20ac angeboten. Insgesamt umfasst die Kollektion 15 G\u00fcrtel, ein Modell in 15 verschiedenen Artikeln und Farben, jeweils passend zu den festlichen Schuhen, um den gesamten festlichen Look perfekt und stilvoll abzurunden. 90\/95, 100\/105 und 110\/115 sind die verf\u00fcgbaren L\u00e4ngen, wobei die G\u00fcrtel jedoch individuell k\u00fcrzbar und somit auf jeden Kunden einstellbar sind.<\/p>\n<p>F\u00fcr weitere Informationen besuchen Sie: <a href=\"https:\/\/www.wilvorst.de\/home.html\" target=\"_blank\" rel=\"noopener\">WILVORST<\/a><\/p>\n","protected":false},"excerpt":{"rendered":"<p>Passend zur Wilvorst Schuhkollektion rundet die neue G\u00fcrtelkollektion den Look rund um den Hochzeitsanzug perfekt ab. Die Schuhkollektion aus dem Hause WILVORST \u00fcberzeugt durch hochwertiges, italienisches Design, feinstes Leder, trendige Schnitte und neue Farben \u2013passend zu jedem eleganten Hochzeitslook, festlichen Outfit. Zum \u201eRund-um-Sorglos\u201c Paket der festlichen Bekleidung hat bislang nur noch der festliche, perfekt abgestimmte G\u00fcrtel gefehlt, dies \u00e4ndert sich ab Mitte Juni. WILVORST erweitert sein vielf\u00e4ltiges Accessoire Programm passend zum Hochzeitsanzug und zur festlichen Bekleidung: Eine G\u00fcrtelkollektion. Alle G\u00fcrtel sind perfekt zum Schuhprogramm abgestimmt und vollenden jeden festlichen Look perfekt. Die G\u00fcrtelkollektion wird ab Mitte Juni 2018 im ausgew\u00e4hlten Fachhandel zu einem Verkaufspreis von 49,95 \u20ac angeboten. Insgesamt umfasst die Kollektion 15 G\u00fcrtel, ein Modell in 15 verschiedenen Artikeln und Farben, jeweils passend zu den festlichen Schuhen, um den gesamten festlichen Look perfekt und stilvoll abzurunden. 90\/95, 100\/105 und 110\/115 sind die verf\u00fcgbaren L\u00e4ngen, wobei die G\u00fcrtel jedoch individuell k\u00fcrzbar und somit auf jeden Kunden einstellbar sind. F\u00fcr weitere Informationen besuchen Sie: WILVORST<\/p>\n","protected":false},"author":1,"featured_media":2233,"comment_status":"closed","ping_status":"closed","sticky":false,"template":"","format":"gallery","meta":{"footnotes":""},"categories":[17,14,62],"tags":[],"class_list":["post-2232","post","type-post","status-publish","format-gallery","has-post-thumbnail","hentry","category-designer-news","category-news","category-top-news","post_format-post-format-gallery"],"_links":{"self":[{"href":"https:\/\/www.bridal-times.com\/de\/wp-json\/wp\/v2\/posts\/2232","targetHints":{"allow":["GET"]}}],"collection":[{"href":"https:\/\/www.bridal-times.com\/de\/wp-json\/wp\/v2\/posts"}],"about":[{"href":"https:\/\/www.bridal-times.com\/de\/wp-json\/wp\/v2\/types\/post"}],"author":[{"embeddable":true,"href":"https:\/\/www.bridal-times.com\/de\/wp-json\/wp\/v2\/users\/1"}],"replies":[{"embeddable":true,"href":"https:\/\/www.bridal-times.com\/de\/wp-json\/wp\/v2\/comments?post=2232"}],"version-history":[{"count":7,"href":"https:\/\/www.bridal-times.com\/de\/wp-json\/wp\/v2\/posts\/2232\/revisions"}],"predecessor-version":[{"id":2241,"href":"https:\/\/www.bridal-times.com\/de\/wp-json\/wp\/v2\/posts\/2232\/revisions\/2241"}],"wp:featuredmedia":[{"embeddable":true,"href":"https:\/\/www.bridal-times.com\/de\/wp-json\/wp\/v2\/media\/2233"}],"wp:attachment":[{"href":"https:\/\/www.bridal-times.com\/de\/wp-json\/wp\/v2\/media?parent=2232"}],"wp:term":[{"taxonomy":"category","embeddable":true,"href":"https:\/\/www.bridal-times.com\/de\/wp-json\/wp\/v2\/categories?post=2232"},{"taxonomy":"post_tag","embeddable":true,"href":"https:\/\/www.bridal-times.com\/de\/wp-json\/wp\/v2\/tags?post=2232"}],"curies":[{"name":"wp","href":"https:\/\/api.w.org\/{rel}","templated":true}]}}