{"id":14977,"date":"2024-12-13T11:24:48","date_gmt":"2024-12-13T10:24:48","guid":{"rendered":"https:\/\/www.bridal-times.com\/de\/?p=14977"},"modified":"2024-12-13T12:13:02","modified_gmt":"2024-12-13T11:13:02","slug":"maggie-sottero-designs-und-lark-bridal-veranstalten-european-gala-event","status":"publish","type":"post","link":"https:\/\/www.bridal-times.com\/de\/maggie-sottero-designs-und-lark-bridal-veranstalten-european-gala-event\/","title":{"rendered":"Maggie Sottero Designs und Lark Bridal veranstalten European Gala-Event"},"content":{"rendered":"<blockquote><p>Das Einzelhandelserlebnis steigern: Eine Feier der Brautmode und dauerhafter Partnerschaften<\/p><\/blockquote>\n<p>Vor dem Hintergrund eines au\u00dfergew\u00f6hnlichen Schloss-Panoramas in Deutschland verspricht die <strong>European Gala Event, <\/strong>die vom<strong> Maggie Sottero-Distributor Lark Bridal Ltd<\/strong>. im M\u00e4rz 2025 veranstaltet wird, nicht nur eine exquisite Pr\u00e4sentation der Maggie-Sottero-Kollektionen, sondern auch eine Feier der Gemeinschaft, Kreativit\u00e4t und Zusammenarbeit.<\/p>\n<hr \/>\n<p>&nbsp;<\/p>\n<div id=\"attachment_11137\" style=\"width: 316px\" class=\"wp-caption aligncenter\"><img loading=\"lazy\" decoding=\"async\" aria-describedby=\"caption-attachment-11137\" class=\"wp-image-11137\" src=\"https:\/\/www.bridal-times.com\/en\/wp-content\/uploads\/2023\/08\/Image-Kopie.jpg\" alt=\"\" width=\"306\" height=\"362\" \/><p id=\"caption-attachment-11137\" class=\"wp-caption-text\">Ruth Larkin, Gesch\u00e4ftsf\u00fchrerin von Lark Bridal<\/p><\/div>\n<hr \/>\n<p>Wir haben uns gefreut, mit <strong>Ruth Larkin, Gesch\u00e4ftsf\u00fchrerin von Lark Bridal und internationaler Vertriebspartnerin von Maggie Sottero<\/strong>, \u00fcber die Vision hinter diesem aufregenden neuen Format, die Vorteile f\u00fcr Einzelh\u00e4ndler und die Erwartungen der G\u00e4ste bei diesem bedeutenden Anlass zu sprechen.<\/p>\n<p><strong>Was hat Sie auf die Idee gebracht, mehrere Veranstaltungen zu einer einzigen europ\u00e4ischen Galaveranstaltung zusammenzufassen?<\/strong><\/p>\n<p>Unseren Einzelhandelspartnern zuzuh\u00f6ren und ihre Bed\u00fcrfnisse zu verstehen, war ein entscheidender Faktor bei der \u00c4nderung unseres Ansatzes, wie wir unsere Kollektionen in Zukunft pr\u00e4sentieren werden. Die Zeit unserer Partner ist sehr kostbar, und wir verstehen den Balanceakt, ein Unternehmen zu f\u00fchren und gleichzeitig zu reisen, um neue Kollektionen zu sichten und auszuw\u00e4hlen. Durch die Zusammenlegung unserer privaten Shows in Amsterdam und Mailand sowie verschiedener Fachveranstaltungen zu einer einzigen europ\u00e4ischen Galaveranstaltung k\u00f6nnen wir unseren Einzelh\u00e4ndlern nicht nur eine aufregende und angenehme neue M\u00f6glichkeit bieten, die Kollektionen zu sichten und zu erleben, sondern ihnen auch mit einer gro\u00dfartigen Gala-Party-Nacht unsere Wertsch\u00e4tzung zeigen und sie feiern. Ein Termin, auf den man sich freuen kann!<\/p>\n<p><strong>K\u00f6nnen Sie uns Einzelheiten \u00fcber den geplanten Veranstaltungsort f\u00fcr die Gala mitteilen?<\/strong><\/p>\n<p>Die letzten Details werden zwar noch bekannt gegeben, aber wir veranstalten unsere Showcase- und Gala-Veranstaltung 2025 in einem pr\u00e4chtigen, historischen Schloss in Deutschland, das perfekt zwischen D\u00fcsseldorf und K\u00f6ln-Bonn liegt, um allen unseren nationalen und internationalen Besuchern aus ganz Europa und dem Nahen Osten eine einfache Anreise mit dem Auto oder dem Flugzeug und eine gute Anbindung zu erm\u00f6glichen. Wir wollten einen Ort, der ein entspannendes, einzigartiges Luxuserlebnis schafft, welches die Qualit\u00e4t der von uns pr\u00e4sentierten Kollektionen und den von uns angebotenen Service widerspiegelt. Au\u00dferdem wollten wir einen Ort schaffen, der ein Erlebnis bietet, das unsere Kunden genie\u00dfen und an dem sie sich entspannen k\u00f6nnen, sowohl beruflich als auch privat. Ob sie nun allein, mit ihrem Team oder mit ihrer Familie reisen, wir freuen uns darauf, sie alle willkommen zu hei\u00dfen.<\/p>\n<p><strong>Welche einzigartigen Merkmale oder H\u00f6hepunkte k\u00f6nnen die G\u00e4ste w\u00e4hrend des zweit\u00e4gigen Erlebnisses erwarten?<\/strong><\/p>\n<p>Wir haben so viel geplant: von vollst\u00e4ndigen Kollektionspr\u00e4sentationen \u00fcber Laufsteg-Shows mit Live-Musik bis hin zu kulinarischen K\u00f6stlichkeiten, um eine spannende Umgebung f\u00fcr unsere Partner zu schaffen, in der sie ihre neuen Kollektionen ausw\u00e4hlen k\u00f6nnen, sowie eine luxuri\u00f6se Galaveranstaltung, um zu feiern und sich mit neuen und alten Kollegen zu treffen. Wir werden die internationale Presse zur Berichterstattung \u00fcber die Veranstaltung begr\u00fc\u00dfen und Branchenexperten f\u00fcr individuelle Live-Schulungen zur Verf\u00fcgung haben. Und nat\u00fcrlich gibt es exklusive Veranstaltungsvorteile, um unsere Einzelh\u00e4ndler auch in der kommenden Saison zu unterst\u00fctzen!<\/p>\n<p><strong>Wie wird dieses neue Pr\u00e4sentationsformat die Einzelh\u00e4ndler in ihrem Gesch\u00e4ft unterst\u00fctzen und st\u00e4rkere Partnerschaften f\u00f6rdern?<\/strong><\/p>\n<p>Wir veranstalten unsere privaten Veranstaltungen immer an einem Sonntag und Montag, damit die Einzelh\u00e4ndler sich daf\u00fcr entscheiden k\u00f6nnen, keine Zeit aus dem Gesch\u00e4ft zu nehmen, und ihnen auch die M\u00f6glichkeit geben, die Veranstaltung zu einem Kurzurlaub zu machen und mit Familie oder Kollegen zu reisen, wie sie es am liebsten m\u00f6chten. Wir glauben an eine entspannte Atmosph\u00e4re ohne Zeitdruck, sondern stattdessen an eine friedliche Umgebung mit gro\u00dfartiger Gastfreundschaft, um Zeit miteinander zu verbringen und gemeinsam die perfekte, einzigartige Auswahl zu treffen, die das Gesch\u00e4ft jedes einzelnen H\u00e4ndlers am besten unterst\u00fctzt. Und danach eine Party zu genie\u00dfen!<\/p>\n<p><strong>Welche Botschaft oder welches Gef\u00fchl sollen die Teilnehmer von dieser Galaveranstaltung mitnehmen?<\/strong><\/p>\n<p>Dass wir die Partnerschaft und Loyalit\u00e4t unserer alten und neuen Einzelh\u00e4ndler sch\u00e4tzen und weiterhin ihre Bed\u00fcrfnisse, Tr\u00e4ume und Zukunft unterst\u00fctzen werden! Von unseren Familien zu ihren \u2013 Nollaig Shona (irisch f\u00fcr Frohe Weihnachten!)<\/p>\n<p>Weitere Informationen zur Marke und den Kollektionen finden Sie unter: <strong><a href=\"https:\/\/www.maggiesottero.com\/\" target=\"_blank\" rel=\"noopener\">Maggie Sottero Designs<\/a><\/strong><\/p>\n<p>Europ\u00e4ischer Vertrieb Kontakt<strong>:<\/strong><strong> <a href=\"https:\/\/de.larkbridal.com\/\" target=\"_blank\" rel=\"noopener\">Lark Bridal Ltd<\/a><\/strong><\/p>\n<hr \/>\n<p><strong>EUROPEAN GALA EVENT:<\/strong><\/p>\n<p><strong>Ort:<\/strong> Althoff Grandhotel Schloss Bensberg<\/p>\n<p><strong>Termine:<\/strong> Sonntag, 9. und Montag, 10. M\u00e4rz, 9:00\u201318:00 Uhr<\/p>\n<p><strong>Gala:<\/strong> Sonntag, 9. M\u00e4rz, 19:00 Uhr: Treffen Sie das Team von Lark Bridal bei einem Empfang mit Drinks, gefolgt von einem luxuri\u00f6sen Galadinner und einer Veranstaltung an einem exquisiten Veranstaltungsort mit Blick auf den Fluss und die W\u00e4lder, umgeben von den Besten der internationalen Branche, Kollegen, Presse und PR.<\/p>\n<p><strong>Unterkunft:<\/strong> Einzelh\u00e4ndler, die \u00fcber Nacht bleiben m\u00f6chten, erhalten eine Gutschrift auf ihrem Konto f\u00fcr die \u00dcbernachtung mit Fr\u00fchst\u00fcck f\u00fcr sich und ihr Team, sofern sie auf der Veranstaltung eine Mindestbestellung aufgeben. Wenn sie l\u00e4nger als eine Nacht bleiben m\u00f6chten, um die sch\u00f6ne Umgebung und die Gegend zu genie\u00dfen, k\u00f6nnen wir ihnen auch Vorzugspreise anbieten.<\/p>\n<p>Weitere Informationen und Anmeldung <a href=\"https:\/\/www.eventbrite.co.uk\/e\/gala-european-event-maggie-sottero-and-lark-bridal-tickets-1036773877577?aff=oddtdtcreator&amp;utm_campaign=postpublish&amp;utm_medium=sparkpost&amp;utm_source=email\" target=\"_blank\" rel=\"noopener\"><strong>HIER<\/strong><\/a><\/p>\n<p>&nbsp;<\/p>\n","protected":false},"excerpt":{"rendered":"<p>Das Einzelhandelserlebnis steigern: Eine Feier der Brautmode und dauerhafter Partnerschaften Vor dem Hintergrund eines au\u00dfergew\u00f6hnlichen Schloss-Panoramas in Deutschland verspricht die European Gala Event, die vom Maggie Sottero-Distributor Lark Bridal Ltd. im M\u00e4rz 2025 veranstaltet wird, nicht nur eine exquisite Pr\u00e4sentation der Maggie-Sottero-Kollektionen, sondern auch eine Feier der Gemeinschaft, Kreativit\u00e4t und Zusammenarbeit. &nbsp; Wir haben uns gefreut, mit Ruth Larkin, Gesch\u00e4ftsf\u00fchrerin von Lark Bridal und internationaler Vertriebspartnerin von Maggie Sottero, \u00fcber die Vision hinter diesem aufregenden neuen Format, die Vorteile f\u00fcr Einzelh\u00e4ndler und die Erwartungen der G\u00e4ste bei diesem bedeutenden Anlass zu sprechen. Was hat Sie auf die Idee gebracht, mehrere Veranstaltungen zu einer einzigen europ\u00e4ischen Galaveranstaltung zusammenzufassen? Unseren Einzelhandelspartnern zuzuh\u00f6ren und ihre Bed\u00fcrfnisse zu verstehen, war ein entscheidender Faktor bei der \u00c4nderung unseres Ansatzes, wie wir unsere Kollektionen in Zukunft pr\u00e4sentieren werden. Die Zeit unserer Partner ist sehr kostbar, und wir verstehen den Balanceakt, ein Unternehmen zu f\u00fchren und gleichzeitig zu reisen, um neue Kollektionen zu sichten und auszuw\u00e4hlen. Durch die Zusammenlegung unserer privaten Shows in Amsterdam und Mailand sowie verschiedener Fachveranstaltungen zu einer einzigen europ\u00e4ischen Galaveranstaltung k\u00f6nnen wir unseren Einzelh\u00e4ndlern nicht nur eine aufregende und angenehme neue M\u00f6glichkeit bieten, die Kollektionen zu sichten und zu erleben, sondern ihnen auch [&hellip;]<\/p>\n","protected":false},"author":1,"featured_media":14978,"comment_status":"closed","ping_status":"closed","sticky":false,"template":"","format":"standard","meta":{"footnotes":""},"categories":[466,23,20,62],"tags":[],"class_list":["post-14977","post","type-post","status-publish","format-standard","has-post-thumbnail","hentry","category-business","category-events","category-haendler-news","category-top-news"],"_links":{"self":[{"href":"https:\/\/www.bridal-times.com\/de\/wp-json\/wp\/v2\/posts\/14977","targetHints":{"allow":["GET"]}}],"collection":[{"href":"https:\/\/www.bridal-times.com\/de\/wp-json\/wp\/v2\/posts"}],"about":[{"href":"https:\/\/www.bridal-times.com\/de\/wp-json\/wp\/v2\/types\/post"}],"author":[{"embeddable":true,"href":"https:\/\/www.bridal-times.com\/de\/wp-json\/wp\/v2\/users\/1"}],"replies":[{"embeddable":true,"href":"https:\/\/www.bridal-times.com\/de\/wp-json\/wp\/v2\/comments?post=14977"}],"version-history":[{"count":9,"href":"https:\/\/www.bridal-times.com\/de\/wp-json\/wp\/v2\/posts\/14977\/revisions"}],"predecessor-version":[{"id":14987,"href":"https:\/\/www.bridal-times.com\/de\/wp-json\/wp\/v2\/posts\/14977\/revisions\/14987"}],"wp:featuredmedia":[{"embeddable":true,"href":"https:\/\/www.bridal-times.com\/de\/wp-json\/wp\/v2\/media\/14978"}],"wp:attachment":[{"href":"https:\/\/www.bridal-times.com\/de\/wp-json\/wp\/v2\/media?parent=14977"}],"wp:term":[{"taxonomy":"category","embeddable":true,"href":"https:\/\/www.bridal-times.com\/de\/wp-json\/wp\/v2\/categories?post=14977"},{"taxonomy":"post_tag","embeddable":true,"href":"https:\/\/www.bridal-times.com\/de\/wp-json\/wp\/v2\/tags?post=14977"}],"curies":[{"name":"wp","href":"https:\/\/api.w.org\/{rel}","templated":true}]}}