{"id":14377,"date":"2024-04-23T10:51:42","date_gmt":"2024-04-23T08:51:42","guid":{"rendered":"https:\/\/www.bridal-times.com\/de\/?p=14377"},"modified":"2024-08-07T18:59:57","modified_gmt":"2024-08-07T16:59:57","slug":"european-bridal-week-2024-einzelhaendler-feiern-veraenderung","status":"publish","type":"post","link":"https:\/\/www.bridal-times.com\/de\/european-bridal-week-2024-einzelhaendler-feiern-veraenderung\/","title":{"rendered":"European Bridal Week 2024 &#8211;  Einzelh\u00e4ndler feiern Ver\u00e4nderung"},"content":{"rendered":"<blockquote><p>Publikum mit Besuchern aus nicht weniger denn 54 L\u00e4ndern auf der European Bridal Week<\/p><\/blockquote>\n<p>Als sich die glamour\u00f6sen Tore der <strong>European Bridal Week<\/strong>, die vom 13. &#8211; 15. April in den Hallen der Messe Essen, Deutschland, stattfand, schlossen, hatte der Messeveranstalter United Fairs wahrlich Grund zu feiern.<\/p>\n<p>Neben den Feierlichkeiten zum 10-j\u00e4hrigen Bestehen setzte die gr\u00f6\u00dfte Branchenveranstaltung der Brautmodenindustrie des Jahres, bei der 500 Kollektionen mit innovativen Designs von einer Rekordanzahl von \u201eunique\u201c Besuchern aus nicht weniger denn 54 L\u00e4ndern entdeckt werden wollten, neue Ma\u00dfst\u00e4be hinsichtlich \u201eCelebrating Difference\u201d<\/p>\n<p><img loading=\"lazy\" decoding=\"async\" class=\"alignnone size-full wp-image-14380\" src=\"https:\/\/www.bridal-times.com\/de\/wp-content\/uploads\/2024\/04\/MASTERPHOTO-2024-04-13-LR-001.jpg\" alt=\"\" width=\"1280\" height=\"853\" srcset=\"https:\/\/www.bridal-times.com\/de\/wp-content\/uploads\/2024\/04\/MASTERPHOTO-2024-04-13-LR-001.jpg 1280w, https:\/\/www.bridal-times.com\/de\/wp-content\/uploads\/2024\/04\/MASTERPHOTO-2024-04-13-LR-001-300x200.jpg 300w, https:\/\/www.bridal-times.com\/de\/wp-content\/uploads\/2024\/04\/MASTERPHOTO-2024-04-13-LR-001-1024x682.jpg 1024w, https:\/\/www.bridal-times.com\/de\/wp-content\/uploads\/2024\/04\/MASTERPHOTO-2024-04-13-LR-001-768x512.jpg 768w, https:\/\/www.bridal-times.com\/de\/wp-content\/uploads\/2024\/04\/MASTERPHOTO-2024-04-13-LR-001-1140x760.jpg 1140w, https:\/\/www.bridal-times.com\/de\/wp-content\/uploads\/2024\/04\/MASTERPHOTO-2024-04-13-LR-001-150x100.jpg 150w, https:\/\/www.bridal-times.com\/de\/wp-content\/uploads\/2024\/04\/MASTERPHOTO-2024-04-13-LR-001-500x333.jpg 500w, https:\/\/www.bridal-times.com\/de\/wp-content\/uploads\/2024\/04\/MASTERPHOTO-2024-04-13-LR-001-520x347.jpg 520w\" sizes=\"auto, (max-width: 1280px) 100vw, 1280px\" \/><\/p>\n<p>Event Direktorin Siegrid Hampsink kommentiert: \u201eWir hatten sicherlich mit einer gro\u00dfen Beteiligung der Tausenden von vorab registrierten Einzelh\u00e4ndlern gerechnet, aber diese Messe \u00fcbertraf unsere Erwartungen mit Blick auf die Anzahl der \u201aunique\u2018 Besucher in diesen anspruchsvollen Zeiten.<\/p>\n<p><img loading=\"lazy\" decoding=\"async\" class=\"alignnone size-full wp-image-14381\" src=\"https:\/\/www.bridal-times.com\/de\/wp-content\/uploads\/2024\/04\/MASTERPHOTO-2024-04-13-LR-022.jpg\" alt=\"\" width=\"1280\" height=\"853\" srcset=\"https:\/\/www.bridal-times.com\/de\/wp-content\/uploads\/2024\/04\/MASTERPHOTO-2024-04-13-LR-022.jpg 1280w, https:\/\/www.bridal-times.com\/de\/wp-content\/uploads\/2024\/04\/MASTERPHOTO-2024-04-13-LR-022-300x200.jpg 300w, https:\/\/www.bridal-times.com\/de\/wp-content\/uploads\/2024\/04\/MASTERPHOTO-2024-04-13-LR-022-1024x682.jpg 1024w, https:\/\/www.bridal-times.com\/de\/wp-content\/uploads\/2024\/04\/MASTERPHOTO-2024-04-13-LR-022-768x512.jpg 768w, https:\/\/www.bridal-times.com\/de\/wp-content\/uploads\/2024\/04\/MASTERPHOTO-2024-04-13-LR-022-1140x760.jpg 1140w, https:\/\/www.bridal-times.com\/de\/wp-content\/uploads\/2024\/04\/MASTERPHOTO-2024-04-13-LR-022-150x100.jpg 150w, https:\/\/www.bridal-times.com\/de\/wp-content\/uploads\/2024\/04\/MASTERPHOTO-2024-04-13-LR-022-500x333.jpg 500w, https:\/\/www.bridal-times.com\/de\/wp-content\/uploads\/2024\/04\/MASTERPHOTO-2024-04-13-LR-022-520x347.jpg 520w\" sizes=\"auto, (max-width: 1280px) 100vw, 1280px\" \/><\/p>\n<p>\u201aCelebrating Difference\u2019\u201c, sagt Siegrid Hampsink, \u201emuss mehr sein als nur Worte. In unserer Branche, die sich in den vergangenen Jahren ihren ganz eigenen Herausforderungen stellen musste, bedeutet Ver\u00e4nderung, neue Ans\u00e4tze zu verfolgen, Aufmerksamkeit zu schaffen und das zu bieten, was das Publikum erwartet. Unsere Aussteller beweisen mit ihren neuen Kollektionen gekonnt, dass wir am Beginn eines ganz neuen Kapitels in Brautmode und Fashion stehen. Und wir als Messeorganisatoren sind stolz darauf, ma\u00dfgeblich zum Wandel beitragen zu k\u00f6nnen.\u201c<\/p>\n<p><img loading=\"lazy\" decoding=\"async\" class=\"alignnone size-full wp-image-14382\" src=\"https:\/\/www.bridal-times.com\/de\/wp-content\/uploads\/2024\/04\/MASTERPHOTO-2024-04-13-LR-025.jpg\" alt=\"\" width=\"1280\" height=\"853\" srcset=\"https:\/\/www.bridal-times.com\/de\/wp-content\/uploads\/2024\/04\/MASTERPHOTO-2024-04-13-LR-025.jpg 1280w, https:\/\/www.bridal-times.com\/de\/wp-content\/uploads\/2024\/04\/MASTERPHOTO-2024-04-13-LR-025-300x200.jpg 300w, https:\/\/www.bridal-times.com\/de\/wp-content\/uploads\/2024\/04\/MASTERPHOTO-2024-04-13-LR-025-1024x682.jpg 1024w, https:\/\/www.bridal-times.com\/de\/wp-content\/uploads\/2024\/04\/MASTERPHOTO-2024-04-13-LR-025-768x512.jpg 768w, https:\/\/www.bridal-times.com\/de\/wp-content\/uploads\/2024\/04\/MASTERPHOTO-2024-04-13-LR-025-1140x760.jpg 1140w, https:\/\/www.bridal-times.com\/de\/wp-content\/uploads\/2024\/04\/MASTERPHOTO-2024-04-13-LR-025-150x100.jpg 150w, https:\/\/www.bridal-times.com\/de\/wp-content\/uploads\/2024\/04\/MASTERPHOTO-2024-04-13-LR-025-500x333.jpg 500w, https:\/\/www.bridal-times.com\/de\/wp-content\/uploads\/2024\/04\/MASTERPHOTO-2024-04-13-LR-025-520x347.jpg 520w\" sizes=\"auto, (max-width: 1280px) 100vw, 1280px\" \/><\/p>\n<p>Auf dieser wichtigen Messe, die bewusst zu Beginn der Saison stattfindet, wurden neue Trends gesetzt; Lieferungen an Einzelh\u00e4ndler sind somit zu jenen Zeiten m\u00f6glich, in denen sie am st\u00e4rksten frequentiert sind.<br \/>\nEs ist keine \u00dcberraschung, dass die Planungen f\u00fcr die EBW 2025, die vom <strong>29. &#8211; 31. M\u00e4rz 2025<\/strong> wieder in der Messe Essen stattfinden wird, bereits im Gange sind. Schon jetzt ist eine Vielzahl von Buchungen bereits best\u00e4tigt, und das nach wenigen Tagen der diesj\u00e4hrigen erfolgreichen Veranstaltung.<\/p>\n<p><strong>James Waddington, Eigent\u00fcmer, Romantica of Devon | Gro\u00dfbritannien:<\/strong><br \/>\n\u201eAls Messe f\u00fcr den Markt in Nordeuropa ist die European Bridal Week eine Pflichtveranstaltung; f\u00fcr uns und unseren Kunden war es wieder einmal ein herausragendes Event. Wir freuen uns schon jetzt auf 2025!\u201c<\/p>\n<p><strong>Jos\u00e9 L\u00f3pez, International Occassionwear Director, Rosa Clar\u00e1 Group | Spanien:<\/strong><br \/>\n\u201eDie Messe verlief f\u00fcr uns sehr gut, und alles war bestens organisiert. Wir hatten die Gelegenheit, unsere neuen Kollektionen bestehenden Kunden zu pr\u00e4sentieren, die uns nicht in unserem Showroom besuchen konnten; zudem konnten wir unter den EBW-Besuchern auch neue Kunden gewinnen.\u201c<\/p>\n<p><strong>Susanne Mindermann, Gesch\u00e4ftsf\u00fchrerin, Luxuar Fashion | Germany:<\/strong><br \/>\n\u201cDie EBW war wieder perfekt organisiert! Wir hatten ein sehr erfolgreiches Wochenende in Essen. Die Kundenfrequenz war noch besser als in 2023. Es gab auch eine Vielzahl von Neukunden, die das erste Mal Kontakt zu unseren Marken gesucht haben. Die Gala-Veranstaltung war f\u00fcr die Kunden und Aussteller ein Highlight. Wir freuen uns schon auf die EBW 2025.\u201c<\/p>\n<p><strong>Daniel Saul, Eigent\u00fcmer, Mascara London | Gro\u00dfbritannien:<\/strong><br \/>\n\u201eEine wahrlich gute Fachmesse.\u201c<\/p>\n<p><strong>Eduard Pfizenmaier, Eigent\u00fcmer, Amera Vera, Fashion Queen, Lohrengel, Papilio Fashion | Deutschland:<\/strong><br \/>\n\u201cWir waren mit allem sehr zufrieden. Die Organisation war super; es gab sehr viele Besucher, und wir hatten viel Kundschaft auf unserem Stand\u201d.<\/p>\n<p><strong>Adrian Latoszek, Eigent\u00fcmer, Dama Couture | Polen:<\/strong><br \/>\n\u201eWir lieben das best\u00e4ndige Team und die EBW als Messe, da wir das Gef\u00fchl haben, dass die Show mit uns w\u00e4chst. Es sind all\u2018 die kleinen Dinge, die uns das Leben als Aussteller erleichtern und es uns erm\u00f6glichen, dass wir uns w\u00e4hrend der Messetage einzig und allein auf unsere Kunden konzentrieren k\u00f6nnen.\u201c<\/p>\n<p><strong>Bartosz Wodecki, Owner, Bianco Evento | Germany<\/strong>:<br \/>\n\u201cDie EBW ist in jedem Jahr einer der wichtigsten Treffpunkte f\u00fcr unserer Branche. Hier haben wir die Gelegenheit, uns in einer gro\u00dfartigen Atmosph\u00e4re mit unseren Kunden auszutauschen. Die Organisation und Besucherfrequenz der Messe sind stets beeindruckend. Dass wir in diesem Jahr so erfolgreich teilgenommen haben und einen EBW Award f\u00fcr die harte Arbeit mit nach Hause nehmen konnten, freut uns sehr. Ein gro\u00dfer Dank an unsere wunderbaren Kunden und Mitarbeiter.\u201c<\/p>\n<p>F\u00fcr weitere Informationen \u00fcber die Messe, besuchen Sie <a href=\"https:\/\/europeanbridalweek.de\/\" target=\"_blank\" rel=\"noopener\">European Bridal Week<\/a><\/p>\n<p><iframe loading=\"lazy\" title=\"YouTube video player\" src=\"https:\/\/www.youtube.com\/embed\/MmqDFArYir8?si=kFJQ0g9x66KgeKSN\" width=\"560\" height=\"315\" frameborder=\"0\" allowfullscreen=\"allowfullscreen\"><\/iframe><\/p>\n","protected":false},"excerpt":{"rendered":"<p>Publikum mit Besuchern aus nicht weniger denn 54 L\u00e4ndern auf der European Bridal Week Als sich die glamour\u00f6sen Tore der European Bridal Week, die vom 13. &#8211; 15. April in den Hallen der Messe Essen, Deutschland, stattfand, schlossen, hatte der Messeveranstalter United Fairs wahrlich Grund zu feiern. Neben den Feierlichkeiten zum 10-j\u00e4hrigen Bestehen setzte die gr\u00f6\u00dfte Branchenveranstaltung der Brautmodenindustrie des Jahres, bei der 500 Kollektionen mit innovativen Designs von einer Rekordanzahl von \u201eunique\u201c Besuchern aus nicht weniger denn 54 L\u00e4ndern entdeckt werden wollten, neue Ma\u00dfst\u00e4be hinsichtlich \u201eCelebrating Difference\u201d Event Direktorin Siegrid Hampsink kommentiert: \u201eWir hatten sicherlich mit einer gro\u00dfen Beteiligung der Tausenden von vorab registrierten Einzelh\u00e4ndlern gerechnet, aber diese Messe \u00fcbertraf unsere Erwartungen mit Blick auf die Anzahl der \u201aunique\u2018 Besucher in diesen anspruchsvollen Zeiten. \u201aCelebrating Difference\u2019\u201c, sagt Siegrid Hampsink, \u201emuss mehr sein als nur Worte. In unserer Branche, die sich in den vergangenen Jahren ihren ganz eigenen Herausforderungen stellen musste, bedeutet Ver\u00e4nderung, neue Ans\u00e4tze zu verfolgen, Aufmerksamkeit zu schaffen und das zu bieten, was das Publikum erwartet. Unsere Aussteller beweisen mit ihren neuen Kollektionen gekonnt, dass wir am Beginn eines ganz neuen Kapitels in Brautmode und Fashion stehen. Und wir als Messeorganisatoren sind stolz darauf, ma\u00dfgeblich zum Wandel beitragen [&hellip;]<\/p>\n","protected":false},"author":1,"featured_media":14379,"comment_status":"closed","ping_status":"closed","sticky":false,"template":"","format":"standard","meta":{"footnotes":""},"categories":[466,14],"tags":[],"class_list":["post-14377","post","type-post","status-publish","format-standard","has-post-thumbnail","hentry","category-business","category-news"],"_links":{"self":[{"href":"https:\/\/www.bridal-times.com\/de\/wp-json\/wp\/v2\/posts\/14377","targetHints":{"allow":["GET"]}}],"collection":[{"href":"https:\/\/www.bridal-times.com\/de\/wp-json\/wp\/v2\/posts"}],"about":[{"href":"https:\/\/www.bridal-times.com\/de\/wp-json\/wp\/v2\/types\/post"}],"author":[{"embeddable":true,"href":"https:\/\/www.bridal-times.com\/de\/wp-json\/wp\/v2\/users\/1"}],"replies":[{"embeddable":true,"href":"https:\/\/www.bridal-times.com\/de\/wp-json\/wp\/v2\/comments?post=14377"}],"version-history":[{"count":2,"href":"https:\/\/www.bridal-times.com\/de\/wp-json\/wp\/v2\/posts\/14377\/revisions"}],"predecessor-version":[{"id":14383,"href":"https:\/\/www.bridal-times.com\/de\/wp-json\/wp\/v2\/posts\/14377\/revisions\/14383"}],"wp:featuredmedia":[{"embeddable":true,"href":"https:\/\/www.bridal-times.com\/de\/wp-json\/wp\/v2\/media\/14379"}],"wp:attachment":[{"href":"https:\/\/www.bridal-times.com\/de\/wp-json\/wp\/v2\/media?parent=14377"}],"wp:term":[{"taxonomy":"category","embeddable":true,"href":"https:\/\/www.bridal-times.com\/de\/wp-json\/wp\/v2\/categories?post=14377"},{"taxonomy":"post_tag","embeddable":true,"href":"https:\/\/www.bridal-times.com\/de\/wp-json\/wp\/v2\/tags?post=14377"}],"curies":[{"name":"wp","href":"https:\/\/api.w.org\/{rel}","templated":true}]}}