{"id":14071,"date":"2024-03-01T09:33:20","date_gmt":"2024-03-01T08:33:20","guid":{"rendered":"https:\/\/www.bridal-times.com\/de\/?p=14071"},"modified":"2024-03-01T12:22:39","modified_gmt":"2024-03-01T11:22:39","slug":"fruehzeitige-lieferungen-von-groesster-bedeutung-rosa-clara-waehlt-die-european-bridal-week","status":"publish","type":"post","link":"https:\/\/www.bridal-times.com\/de\/fruehzeitige-lieferungen-von-groesster-bedeutung-rosa-clara-waehlt-die-european-bridal-week\/","title":{"rendered":"Fr\u00fchzeitige Lieferungen von gr\u00f6\u00dfter Bedeutung &#8211; Rosa Clara w\u00e4hlt die European Bridal Week"},"content":{"rendered":"<blockquote><p>Die Ver\u00e4nderungen, welche das aktuelle Tagesgeschehen in den vergangenen Jahren mit sich gebracht hat, hat die Akteure einzelner Branchen dazu veranlasst, ihre Strategien zur Bew\u00e4ltigung diverser Herausforderungen zu \u00fcberdenken.<\/p><\/blockquote>\n<p>So verfolgen f\u00fcr den Hochzeitsmodensektor f\u00fchrende Labels einen neuen Ansatz hinsichtlich der Art und Weise, wie sie ihre Gesch\u00e4fte abwickeln, um ihre Zielgruppen zu erreichen. F\u00fcr viele wegweisende Marken ist die Notwendigkeit, neue Strategien zu etablieren, von entscheidender Bedeutung. Dies zeigt sich insbesondere mit Blick auf die Tatsache, wo und wann neue Kollektionen gezeigt werden.<\/p>\n<p>Eines der bedeutendsten Designh\u00e4user Spaniens, <strong>Rosa Clara<\/strong>, dessen Hochzeits- und Abendmodenkollektionen weltweit im Handel vertrieben werden, hat nun die Entscheidung getroffen, dass fr\u00fchzeitige Lieferungen an seine Kunden von gr\u00f6\u00dfter Bedeutung sind.<\/p>\n<p><img loading=\"lazy\" decoding=\"async\" class=\"alignnone size-full wp-image-14073\" src=\"https:\/\/www.bridal-times.com\/de\/wp-content\/uploads\/2024\/03\/ROSA-CLARA_AMEL-01-Kopie.jpg\" alt=\"\" width=\"1024\" height=\"1280\" srcset=\"https:\/\/www.bridal-times.com\/de\/wp-content\/uploads\/2024\/03\/ROSA-CLARA_AMEL-01-Kopie.jpg 1024w, https:\/\/www.bridal-times.com\/de\/wp-content\/uploads\/2024\/03\/ROSA-CLARA_AMEL-01-Kopie-240x300.jpg 240w, https:\/\/www.bridal-times.com\/de\/wp-content\/uploads\/2024\/03\/ROSA-CLARA_AMEL-01-Kopie-819x1024.jpg 819w, https:\/\/www.bridal-times.com\/de\/wp-content\/uploads\/2024\/03\/ROSA-CLARA_AMEL-01-Kopie-768x960.jpg 768w, https:\/\/www.bridal-times.com\/de\/wp-content\/uploads\/2024\/03\/ROSA-CLARA_AMEL-01-Kopie-150x188.jpg 150w, https:\/\/www.bridal-times.com\/de\/wp-content\/uploads\/2024\/03\/ROSA-CLARA_AMEL-01-Kopie-400x500.jpg 400w, https:\/\/www.bridal-times.com\/de\/wp-content\/uploads\/2024\/03\/ROSA-CLARA_AMEL-01-Kopie-416x520.jpg 416w\" sizes=\"auto, (max-width: 1024px) 100vw, 1024px\" \/><\/p>\n<p>Daraus resultierend wird das Designhaus auf der gr\u00f6\u00dften und einflussreichsten Fachmesse Nordeuropas vertreten sein, auf der mehr als 500 Kollektionen zu sehen sein werden und die von Tausenden Einzelh\u00e4ndlern aus 48 L\u00e4ndern besucht werden wird. Damit ist die <strong>European Bridal Week<\/strong>, die vom 13. &#8211; 15. April ihr 10-j\u00e4hriges Jubil\u00e4um feiert, f\u00fcr Rosa Clara DIE auserw\u00e4hlte Plattform, um die Kollektionen f\u00fcr die Saison 2025 zu pr\u00e4sentieren.<\/p>\n<p><img loading=\"lazy\" decoding=\"async\" class=\"alignnone size-full wp-image-14074\" src=\"https:\/\/www.bridal-times.com\/de\/wp-content\/uploads\/2024\/03\/ALMA-NOVIA_HELENIA-Kopie.jpg\" alt=\"\" width=\"1024\" height=\"1280\" srcset=\"https:\/\/www.bridal-times.com\/de\/wp-content\/uploads\/2024\/03\/ALMA-NOVIA_HELENIA-Kopie.jpg 1024w, https:\/\/www.bridal-times.com\/de\/wp-content\/uploads\/2024\/03\/ALMA-NOVIA_HELENIA-Kopie-240x300.jpg 240w, https:\/\/www.bridal-times.com\/de\/wp-content\/uploads\/2024\/03\/ALMA-NOVIA_HELENIA-Kopie-819x1024.jpg 819w, https:\/\/www.bridal-times.com\/de\/wp-content\/uploads\/2024\/03\/ALMA-NOVIA_HELENIA-Kopie-768x960.jpg 768w, https:\/\/www.bridal-times.com\/de\/wp-content\/uploads\/2024\/03\/ALMA-NOVIA_HELENIA-Kopie-150x188.jpg 150w, https:\/\/www.bridal-times.com\/de\/wp-content\/uploads\/2024\/03\/ALMA-NOVIA_HELENIA-Kopie-400x500.jpg 400w, https:\/\/www.bridal-times.com\/de\/wp-content\/uploads\/2024\/03\/ALMA-NOVIA_HELENIA-Kopie-416x520.jpg 416w\" sizes=\"auto, (max-width: 1024px) 100vw, 1024px\" \/><\/p>\n<p>\u201eDie schiere Gr\u00f6\u00dfe der Veranstaltung und die Qualit\u00e4t der vertretenen Marken haben dazu gef\u00fchrt, dass viele Einzelh\u00e4ndler beschlossen haben, ihre gesamten Eink\u00e4ufe f\u00fcr das Jahr w\u00e4hrend der drei Messetage in Essen zu t\u00e4tigen\u201c, sagt Jos\u00e9 L\u00f3pez, International Occasionwear Director. \u201eUnd das ist ein entscheidender Vorteil mit Blick auf alle Kollektionen, die hier gezeigt werden, aber auch bez\u00fcglich der St\u00e4rkung von Lieferanten- und Kundenbeziehungen.\u201c<\/p>\n<p>Pronovias, ein weiteres Fashionhaus unter den gr\u00f6\u00dften Namen Spaniens innerhalb der Branche, hat sich mit seinen Marken White One, St Patrick, Nicole und Ladybird ebenfalls f\u00fcr die European Bridal Week entschieden.<\/p>\n<p>EUROPEAN BRIDAL WEEK | 13. &#8211; 15. APRIL 2024 | MESSE ESSEN, DEUTSCHLAND<br \/>\n<a href=\"https:\/\/www.europeanbridalweek.de\" target=\"_blank\" rel=\"noopener\">https:\/\/www.europeanbridalweek.de<\/a><\/p>\n","protected":false},"excerpt":{"rendered":"<p>Die Ver\u00e4nderungen, welche das aktuelle Tagesgeschehen in den vergangenen Jahren mit sich gebracht hat, hat die Akteure einzelner Branchen dazu veranlasst, ihre Strategien zur Bew\u00e4ltigung diverser Herausforderungen zu \u00fcberdenken. So verfolgen f\u00fcr den Hochzeitsmodensektor f\u00fchrende Labels einen neuen Ansatz hinsichtlich der Art und Weise, wie sie ihre Gesch\u00e4fte abwickeln, um ihre Zielgruppen zu erreichen. F\u00fcr viele wegweisende Marken ist die Notwendigkeit, neue Strategien zu etablieren, von entscheidender Bedeutung. Dies zeigt sich insbesondere mit Blick auf die Tatsache, wo und wann neue Kollektionen gezeigt werden. Eines der bedeutendsten Designh\u00e4user Spaniens, Rosa Clara, dessen Hochzeits- und Abendmodenkollektionen weltweit im Handel vertrieben werden, hat nun die Entscheidung getroffen, dass fr\u00fchzeitige Lieferungen an seine Kunden von gr\u00f6\u00dfter Bedeutung sind. Daraus resultierend wird das Designhaus auf der gr\u00f6\u00dften und einflussreichsten Fachmesse Nordeuropas vertreten sein, auf der mehr als 500 Kollektionen zu sehen sein werden und die von Tausenden Einzelh\u00e4ndlern aus 48 L\u00e4ndern besucht werden wird. Damit ist die European Bridal Week, die vom 13. &#8211; 15. April ihr 10-j\u00e4hriges Jubil\u00e4um feiert, f\u00fcr Rosa Clara DIE auserw\u00e4hlte Plattform, um die Kollektionen f\u00fcr die Saison 2025 zu pr\u00e4sentieren. \u201eDie schiere Gr\u00f6\u00dfe der Veranstaltung und die Qualit\u00e4t der vertretenen Marken haben dazu gef\u00fchrt, dass viele Einzelh\u00e4ndler beschlossen haben, [&hellip;]<\/p>\n","protected":false},"author":1,"featured_media":14072,"comment_status":"closed","ping_status":"closed","sticky":false,"template":"","format":"standard","meta":{"footnotes":""},"categories":[14],"tags":[],"class_list":["post-14071","post","type-post","status-publish","format-standard","has-post-thumbnail","hentry","category-news"],"_links":{"self":[{"href":"https:\/\/www.bridal-times.com\/de\/wp-json\/wp\/v2\/posts\/14071","targetHints":{"allow":["GET"]}}],"collection":[{"href":"https:\/\/www.bridal-times.com\/de\/wp-json\/wp\/v2\/posts"}],"about":[{"href":"https:\/\/www.bridal-times.com\/de\/wp-json\/wp\/v2\/types\/post"}],"author":[{"embeddable":true,"href":"https:\/\/www.bridal-times.com\/de\/wp-json\/wp\/v2\/users\/1"}],"replies":[{"embeddable":true,"href":"https:\/\/www.bridal-times.com\/de\/wp-json\/wp\/v2\/comments?post=14071"}],"version-history":[{"count":2,"href":"https:\/\/www.bridal-times.com\/de\/wp-json\/wp\/v2\/posts\/14071\/revisions"}],"predecessor-version":[{"id":14076,"href":"https:\/\/www.bridal-times.com\/de\/wp-json\/wp\/v2\/posts\/14071\/revisions\/14076"}],"wp:featuredmedia":[{"embeddable":true,"href":"https:\/\/www.bridal-times.com\/de\/wp-json\/wp\/v2\/media\/14072"}],"wp:attachment":[{"href":"https:\/\/www.bridal-times.com\/de\/wp-json\/wp\/v2\/media?parent=14071"}],"wp:term":[{"taxonomy":"category","embeddable":true,"href":"https:\/\/www.bridal-times.com\/de\/wp-json\/wp\/v2\/categories?post=14071"},{"taxonomy":"post_tag","embeddable":true,"href":"https:\/\/www.bridal-times.com\/de\/wp-json\/wp\/v2\/tags?post=14071"}],"curies":[{"name":"wp","href":"https:\/\/api.w.org\/{rel}","templated":true}]}}