{"id":12441,"date":"2023-06-07T09:39:52","date_gmt":"2023-06-07T07:39:52","guid":{"rendered":"https:\/\/www.bridal-times.com\/de\/?p=12441"},"modified":"2023-06-07T09:40:20","modified_gmt":"2023-06-07T07:40:20","slug":"rosa-clara-daniel-clara-and-anne-marie-colling-haben-in-paris-geheiratet","status":"publish","type":"post","link":"https:\/\/www.bridal-times.com\/de\/rosa-clara-daniel-clara-and-anne-marie-colling-haben-in-paris-geheiratet\/","title":{"rendered":"Rosa Clar\u00e1 : Daniel Clar\u00e1 and Anne-Marie Colling haben in Paris geheiratet"},"content":{"rendered":"<blockquote><p>Die Braut trug vier Haute Couture-Kleider des Hauses, entworfen von Rosa Clar\u00e1, die auch die Brautjungfern und G\u00e4ste mit Kleidung ausstattete.<\/p><\/blockquote>\n<p>Paris, 5. Juni 2023 \u2013 Letzten Samstag, den 3. Juni, gaben sich Daniel Clar\u00e1 und Anne-Marie Colling das Jawort. Paris wurde Zeuge einer unvergesslichen Zeremonie, bei der die Braut vier Haute-Couture-Designs von Rosa Clar\u00e1 trug. Raffinierte, moderne und elegante Designs, die die exquisite Handwerkskunst und das Savoir-faire des Hauses widerspiegeln.<\/p>\n<p>G\u00e4ste aus aller Welt waren geladen. Die Wahl fiel auf die Stadt des Lichts aufgrund ihres ewig romantischen Flairs, ihrer faszinierenden Geschichte und ihrer Beziehung zur Mode.<\/p>\n<p>Alles begann am Freitag mit einer Vorfeier auf einem Boot auf der Seine. Die Braut entschied sich f\u00fcr ein kurzes Kleid in sanfter Perlenfarbe mit Mikroperlen und Silbergarn, abgerundet mit Kristallfransen: ein umwerfendes, \u00e4rmelloses Design mit U-Boot-Ausschnitt, das an den Stil der 20er-Jahre und den Glamour des Gro\u00dfen Gatsby erinnert. Die Designerin und Mutter des Br\u00e4utigams trug eine Hose und eine Bluse aus nat\u00fcrlichem Seidenkrepp in Klein Blue. Der Br\u00e4utigam trug ein elegantes beiges Leinen- und Seidenjackett von Canali und eine dunkelblaue Hose.<\/p>\n<p>Die religi\u00f6se Zeremonie am Samstag fand auf Wunsch des Paares in der beeindruckenden Basilika Sainte-Clotilde statt, eine Kirche aus dem 19. Jahrhundert und das erste neugotische Gotteshaus der Stadt. Der Einzug begann mit den Akkorden des Songs \u201eHalleluja\u201c, vorgetragen von einem Chor aus 30 Jungen und M\u00e4dchen; ein Detail, das Anne-Marie heimlich f\u00fcr ihren Mann vorbereitet hatte.<\/p>\n<p><img loading=\"lazy\" decoding=\"async\" class=\"alignnone size-full wp-image-12445\" src=\"https:\/\/www.bridal-times.com\/de\/wp-content\/uploads\/2023\/06\/Anne-Marie-Colling_Fot.-La-Dichosa-98-Kopie.jpg\" alt=\"\" width=\"854\" height=\"1280\" srcset=\"https:\/\/www.bridal-times.com\/de\/wp-content\/uploads\/2023\/06\/Anne-Marie-Colling_Fot.-La-Dichosa-98-Kopie.jpg 854w, https:\/\/www.bridal-times.com\/de\/wp-content\/uploads\/2023\/06\/Anne-Marie-Colling_Fot.-La-Dichosa-98-Kopie-200x300.jpg 200w, https:\/\/www.bridal-times.com\/de\/wp-content\/uploads\/2023\/06\/Anne-Marie-Colling_Fot.-La-Dichosa-98-Kopie-683x1024.jpg 683w, https:\/\/www.bridal-times.com\/de\/wp-content\/uploads\/2023\/06\/Anne-Marie-Colling_Fot.-La-Dichosa-98-Kopie-768x1151.jpg 768w, https:\/\/www.bridal-times.com\/de\/wp-content\/uploads\/2023\/06\/Anne-Marie-Colling_Fot.-La-Dichosa-98-Kopie-150x225.jpg 150w, https:\/\/www.bridal-times.com\/de\/wp-content\/uploads\/2023\/06\/Anne-Marie-Colling_Fot.-La-Dichosa-98-Kopie-334x500.jpg 334w, https:\/\/www.bridal-times.com\/de\/wp-content\/uploads\/2023\/06\/Anne-Marie-Colling_Fot.-La-Dichosa-98-Kopie-347x520.jpg 347w\" sizes=\"auto, (max-width: 854px) 100vw, 854px\" \/><\/p>\n<p>Der Einzug des Br\u00e4utigams war atemberaubend, mit einem dunkelgrauen Jackett, einer zweireihigen perlengrauen Weste mit Reverskagen von Canali, einem wei\u00dfen Hemd aus Baumwollpopelin und Seidenkrawatte von Yusty. Begleitet wurde er von seiner Mutter Rosa Clar\u00e1, die ein magentafarbenes Modell aus Seidenkrepp trug, bestickt mit Edelsteinen, verschiedenfarbigen Achaten wie Fuchsia, Lila, Gelb, Orange und Blau sowie Verzierungen aus B\u00f6hmischem Kristallglas. Josep Artigas, der Ehemann von Rosa Clar\u00e1, erschien ebenfalls in einem makellosen dunkelblauen Jackett mit einer zweireihigen Weste von Canali und einem wei\u00dfen Hemd aus Baumwollpopelin von Yusty.<\/p>\n<p><img loading=\"lazy\" decoding=\"async\" class=\"alignnone size-full wp-image-12446\" src=\"https:\/\/www.bridal-times.com\/de\/wp-content\/uploads\/2023\/06\/Anne-Marie-and-Dani-Clara_fot.-La-Dichosa-119-Kopie.jpg\" alt=\"\" width=\"854\" height=\"1280\" srcset=\"https:\/\/www.bridal-times.com\/de\/wp-content\/uploads\/2023\/06\/Anne-Marie-and-Dani-Clara_fot.-La-Dichosa-119-Kopie.jpg 854w, https:\/\/www.bridal-times.com\/de\/wp-content\/uploads\/2023\/06\/Anne-Marie-and-Dani-Clara_fot.-La-Dichosa-119-Kopie-200x300.jpg 200w, https:\/\/www.bridal-times.com\/de\/wp-content\/uploads\/2023\/06\/Anne-Marie-and-Dani-Clara_fot.-La-Dichosa-119-Kopie-683x1024.jpg 683w, https:\/\/www.bridal-times.com\/de\/wp-content\/uploads\/2023\/06\/Anne-Marie-and-Dani-Clara_fot.-La-Dichosa-119-Kopie-768x1151.jpg 768w, https:\/\/www.bridal-times.com\/de\/wp-content\/uploads\/2023\/06\/Anne-Marie-and-Dani-Clara_fot.-La-Dichosa-119-Kopie-150x225.jpg 150w, https:\/\/www.bridal-times.com\/de\/wp-content\/uploads\/2023\/06\/Anne-Marie-and-Dani-Clara_fot.-La-Dichosa-119-Kopie-334x500.jpg 334w, https:\/\/www.bridal-times.com\/de\/wp-content\/uploads\/2023\/06\/Anne-Marie-and-Dani-Clara_fot.-La-Dichosa-119-Kopie-347x520.jpg 347w\" sizes=\"auto, (max-width: 854px) 100vw, 854px\" \/><\/p>\n<p>Beeindruckend war auch der Einzug der sechs Trauzeugen (Ehrenm\u00e4nner), die Jacketts und Krawatten im gleichen Farbton wie die Kleider der Brautjungfern trugen, sowie der sechs Brautjungfern (Ehrendamen), deren Designs aus Seidenmull in Puderrosa und modische Looks mit Cut-outs und Drapierungen auch von Rosa Clar\u00e1 stammten.<\/p>\n<p>Die Braut Anne-Marie wurde von ihrem Vater begleitet und faszinierte alle Anwesenden mit einem atemberaubenden Neckholder-R\u00f6hrenkleid aus franz\u00f6sischem Chantilly, von Hand mit Mikroperlen, zarten Blumen und Kristallen bestickt. Der Look der Braut wurde mit einem femininen, weit schwingenden \u00dcberrock aus Naturseidengaze, einer mehr als 3 Metern langen Schleppe und einem glatten, mehr als 4 Meter langem Schleier aus Naturseide abgerundet. \u00dcber 500 Arbeitsstunden wurden f\u00fcr die Fertigung dieses Kleids investiert. \u201eDer bedeutendste Auftrag meiner Karriere war ohne Zweifel, das Kleid meiner Schwiegertochter zu entwerfen\u201d, erkl\u00e4rt Rosa Clar\u00e1.<\/p>\n<p><img loading=\"lazy\" decoding=\"async\" class=\"alignnone size-full wp-image-12447\" src=\"https:\/\/www.bridal-times.com\/de\/wp-content\/uploads\/2023\/06\/Anne-Marie-Colling_Fot.-La-Dichosa-212-Kopie.jpg\" alt=\"\" width=\"854\" height=\"1280\" srcset=\"https:\/\/www.bridal-times.com\/de\/wp-content\/uploads\/2023\/06\/Anne-Marie-Colling_Fot.-La-Dichosa-212-Kopie.jpg 854w, https:\/\/www.bridal-times.com\/de\/wp-content\/uploads\/2023\/06\/Anne-Marie-Colling_Fot.-La-Dichosa-212-Kopie-200x300.jpg 200w, https:\/\/www.bridal-times.com\/de\/wp-content\/uploads\/2023\/06\/Anne-Marie-Colling_Fot.-La-Dichosa-212-Kopie-683x1024.jpg 683w, https:\/\/www.bridal-times.com\/de\/wp-content\/uploads\/2023\/06\/Anne-Marie-Colling_Fot.-La-Dichosa-212-Kopie-768x1151.jpg 768w, https:\/\/www.bridal-times.com\/de\/wp-content\/uploads\/2023\/06\/Anne-Marie-Colling_Fot.-La-Dichosa-212-Kopie-150x225.jpg 150w, https:\/\/www.bridal-times.com\/de\/wp-content\/uploads\/2023\/06\/Anne-Marie-Colling_Fot.-La-Dichosa-212-Kopie-334x500.jpg 334w, https:\/\/www.bridal-times.com\/de\/wp-content\/uploads\/2023\/06\/Anne-Marie-Colling_Fot.-La-Dichosa-212-Kopie-347x520.jpg 347w\" sizes=\"auto, (max-width: 854px) 100vw, 854px\" \/><\/p>\n<p>Nachdem das Paar zu Mann und Frau erkl\u00e4rt worden war, wurde es beim Verlassen des Gotteshauses bejubelt. Daraufhin folgte der Empfang im nur wenige Meter entfernt liegenden, pr\u00e4chtigen Mus\u00e9e Rodin. Das Mus\u00e9e Rodin erwies sich mit seinem Rokoko-Palast, in dem der K\u00fcnstler in seinen letzten Lebensjahren wohnte, und seinen majest\u00e4tischen G\u00e4rten im franz\u00f6sischen Stil, die von den Skulpturen des ber\u00fchmten K\u00fcnstlers \u00fcbers\u00e4t sind, als ein magischer Empfangsort voller Kunst, Geschichte und Glamour.<\/p>\n<p>Wie ein weiteres Kunstwerk aus der Sammlung des Museums strahlte Anne-Marie Colling in ihrem zweiten Brautlook. Ein beeindruckendes tr\u00e4gerloses Kleid mit klassischer Silhouette und Tulpenrock. Das Modell wurde aus doppellagigem Duchesse-Seidensatin gefertigt und von einem K\u00fcnstler aus Norditalien mittels Spachteltechnik von Hand mit einer \u00d6lmalerei verziert. Das exklusive Design mit romantischen f\u00fcnfbl\u00e4ttrigen, vom Jasmin inspirierten Blumen und einem dezenten Hauch von Goldstaub f\u00fcr ein authentisches zeitgen\u00f6ssisches Haute-Couture-Image wird allen Anwesenden gewiss lange in Erinnerung bleiben. Das zweite Kleid der Braut wurde mit einem T\u00fcll-Wateau im gleichen Design und mit der gleichen Fertigungstechnik abgerundet. Anne-Marie hat erkl\u00e4rt, dass sie sehr gl\u00fccklich ist, mit Rosa und ihrem Team zusammenarbeiten zu d\u00fcrfen, und dass der gesamte Prozess sehr aufregend war. \u201eIch habe mich schon immer sehr mit der Marke identifiziert und freue mich sehr, vier Haute-Couture-Kleider tragen zu d\u00fcrfen, die f\u00fcr vier ganz besondere Momente der Hochzeit entworfen wurden.\u201c Dani Clar\u00e1 seinerseits r\u00e4umte ein: &#8222;Ich liebe \u00dcberraschungen, und obwohl ich zugeben muss, dass es manchmal schwierig war, nichts \u00fcber die Details der Kleider zu wissen, haben es die beiden Menschen, die mich am besten kennen, meine Mutter und Anne-Marie, zweifellos geschafft, mich zu \u00fcberraschen. Sie hatten mehr als Recht, Anne-Marie sah einfach umwerfend aus\u201c.<\/p>\n<p><img loading=\"lazy\" decoding=\"async\" class=\"alignnone size-full wp-image-12448\" src=\"https:\/\/www.bridal-times.com\/de\/wp-content\/uploads\/2023\/06\/Anne-Marie-Colling-wearing-her-second-bridal-look_-Fot.-La-Dichosa-327-Kopie.jpg\" alt=\"\" width=\"854\" height=\"1280\" srcset=\"https:\/\/www.bridal-times.com\/de\/wp-content\/uploads\/2023\/06\/Anne-Marie-Colling-wearing-her-second-bridal-look_-Fot.-La-Dichosa-327-Kopie.jpg 854w, https:\/\/www.bridal-times.com\/de\/wp-content\/uploads\/2023\/06\/Anne-Marie-Colling-wearing-her-second-bridal-look_-Fot.-La-Dichosa-327-Kopie-200x300.jpg 200w, https:\/\/www.bridal-times.com\/de\/wp-content\/uploads\/2023\/06\/Anne-Marie-Colling-wearing-her-second-bridal-look_-Fot.-La-Dichosa-327-Kopie-683x1024.jpg 683w, https:\/\/www.bridal-times.com\/de\/wp-content\/uploads\/2023\/06\/Anne-Marie-Colling-wearing-her-second-bridal-look_-Fot.-La-Dichosa-327-Kopie-768x1151.jpg 768w, https:\/\/www.bridal-times.com\/de\/wp-content\/uploads\/2023\/06\/Anne-Marie-Colling-wearing-her-second-bridal-look_-Fot.-La-Dichosa-327-Kopie-150x225.jpg 150w, https:\/\/www.bridal-times.com\/de\/wp-content\/uploads\/2023\/06\/Anne-Marie-Colling-wearing-her-second-bridal-look_-Fot.-La-Dichosa-327-Kopie-334x500.jpg 334w, https:\/\/www.bridal-times.com\/de\/wp-content\/uploads\/2023\/06\/Anne-Marie-Colling-wearing-her-second-bridal-look_-Fot.-La-Dichosa-327-Kopie-347x520.jpg 347w\" sizes=\"auto, (max-width: 854px) 100vw, 854px\" \/><\/p>\n<p>Die G\u00e4rten des Mus\u00e9e Rodin boten einen bezaubernden Rahmen f\u00fcr die Feier des Brautpaares, das den Empfang mit seinen G\u00e4sten genie\u00dfen konnte, darunter auch Influencer wie Marta Sierra, die eine der Brautjungfern war, und Emilie Lindmark, die an der religi\u00f6sen Zeremonie teilnahm, beides Freunde des Brautpaares.<\/p>\n<p>F\u00fcr das Abendessen zeichnete Alain Ducasse verantwortlich, der lebende Koch mit den meisten Michelin-Sternen der Welt (21).<\/p>\n<p>Nachdem das Paar seinen ersten Tanz als Mann und Frau unter den wachsamen Augen von Rodins \u201eDer Denker\u201c beendete, zog die Party zu einem weiteren sinnbildlichen Ort der Stadt weiter: Maxim&#8217;s, dem ber\u00fchmten Treffpunkt aller Pariser Pers\u00f6nlichkeiten der Belle \u00c9poque, der 1893 er\u00f6ffnet wurde. Maxim&#8217;s hat die elegantesten Ber\u00fchmtheiten des 20. Jahrhunderts in seinen Bann gezogen: von Aristoteles Onassis und Maria Callas \u00fcber Brigitte Bardot und Pierre Cardin bis hin zu Caroline von Monaco und Dita Von Teese.<\/p>\n<p>F\u00fcr diese Party im Maxim&#8217;s entschied sich Anne-Marie Colling f\u00fcr ein drittes Haute-Couture-Design von Rosa Clar\u00e1, inspiriert vom Minimalismus der 1990er Jahre. Die Braut zeigte sich elegant und sinnlich in diesem Modell mit U-Ausschnitt und leichter Meerjungfrau-Silhouette, gefertigt aus franz\u00f6sischem Chantilly mit Seidengarn, Mikroperlen und einem Innenkorsett.<\/p>\n<p><img loading=\"lazy\" decoding=\"async\" class=\"alignnone size-full wp-image-12449\" src=\"https:\/\/www.bridal-times.com\/de\/wp-content\/uploads\/2023\/06\/Dani-Clara-and-Anne-Marie-wearing-her-third-gown_Fot.-La-Dichosa-393-Kopie.jpg\" alt=\"\" width=\"855\" height=\"1280\" srcset=\"https:\/\/www.bridal-times.com\/de\/wp-content\/uploads\/2023\/06\/Dani-Clara-and-Anne-Marie-wearing-her-third-gown_Fot.-La-Dichosa-393-Kopie.jpg 855w, https:\/\/www.bridal-times.com\/de\/wp-content\/uploads\/2023\/06\/Dani-Clara-and-Anne-Marie-wearing-her-third-gown_Fot.-La-Dichosa-393-Kopie-200x300.jpg 200w, https:\/\/www.bridal-times.com\/de\/wp-content\/uploads\/2023\/06\/Dani-Clara-and-Anne-Marie-wearing-her-third-gown_Fot.-La-Dichosa-393-Kopie-684x1024.jpg 684w, https:\/\/www.bridal-times.com\/de\/wp-content\/uploads\/2023\/06\/Dani-Clara-and-Anne-Marie-wearing-her-third-gown_Fot.-La-Dichosa-393-Kopie-768x1150.jpg 768w, https:\/\/www.bridal-times.com\/de\/wp-content\/uploads\/2023\/06\/Dani-Clara-and-Anne-Marie-wearing-her-third-gown_Fot.-La-Dichosa-393-Kopie-150x225.jpg 150w, https:\/\/www.bridal-times.com\/de\/wp-content\/uploads\/2023\/06\/Dani-Clara-and-Anne-Marie-wearing-her-third-gown_Fot.-La-Dichosa-393-Kopie-334x500.jpg 334w, https:\/\/www.bridal-times.com\/de\/wp-content\/uploads\/2023\/06\/Dani-Clara-and-Anne-Marie-wearing-her-third-gown_Fot.-La-Dichosa-393-Kopie-347x520.jpg 347w\" sizes=\"auto, (max-width: 855px) 100vw, 855px\" \/><\/p>\n<p>Ein Kleid, in dem sie an ihrem gro\u00dfen Tag strahlte, und das sie sp\u00e4ter f\u00fcr einen jugendlichen, bequemen und eher abendlichen Look tauschte, um zu tanzen und sich zu am\u00fcsieren. Anne-Marie trug eine modische zweiteilige Garnitur, bestehend aus einem bestickten Bandeau-Spitzenoberteil mit verspielten Wellen und einer Hose aus nat\u00fcrlichem Seidensatin mit klaren Linien. Dieses ausgesprochen moderne und raffinierte Image spiegelt die Pers\u00f6nlichkeit von Anne-Marie treu wider, die in Sachen Stil kaum zu \u00fcbertreffen ist.<\/p>\n<p>Rosa Clar\u00e1 bereichert die Brautmodewelt bereits seit 1995, als sie ihren ersten Store in Barcelona er\u00f6ffnete. Aus ihrer Perspektive als Frau, Modedesignerin und Gesch\u00e4ftsfrau sorgte sie f\u00fcr einen frischen, modernen Wind in der bis dahin eher klassischen Brautmode und fand damit gro\u00dfen Anklang bei einer neuen Generation von Frauen, die nach mehr Individualit\u00e4t und modischer Aktualit\u00e4t f\u00fcr ihren gro\u00dfen Tag suchten. Ihr innovativer Stil, ihr hoher Qualit\u00e4tsanspruch in Bezug auf die Stoffe und die Verarbeitung sowie die Zusammenarbeit mit gro\u00dfen Haute-Couture-Designern wie Karl Lagerfeld und Christian Lacroix sorgten daf\u00fcr, dass das Label rasch auf nationaler und internationaler Ebene expandierte. Heutzutage ist die Marke Rosa Clar\u00e1 mit \u00fcber 140 Stores und \u00fcber 4.000 Verkaufsstellen in 83 L\u00e4ndern vertreten und genie\u00dft weltweit einen ausgezeichneten Ruf.<\/p>\n<p>Herzlichen Gl\u00fcckwunsch an das frisch verm\u00e4hlte Paar!<\/p>\n<p>F\u00fcr weitere Informationen \u00fcber die Marke besuchen Sie <a href=\"https:\/\/www.rosaclara.es\/de\/\" target=\"_blank\" rel=\"noopener\"><strong><em>Rosa Clar\u00e1<\/em><\/strong><\/a><\/p>\n<p>&nbsp;<\/p>\n","protected":false},"excerpt":{"rendered":"<p>Die Braut trug vier Haute Couture-Kleider des Hauses, entworfen von Rosa Clar\u00e1, die auch die Brautjungfern und G\u00e4ste mit Kleidung ausstattete. Paris, 5. Juni 2023 \u2013 Letzten Samstag, den 3. Juni, gaben sich Daniel Clar\u00e1 und Anne-Marie Colling das Jawort. Paris wurde Zeuge einer unvergesslichen Zeremonie, bei der die Braut vier Haute-Couture-Designs von Rosa Clar\u00e1 trug. Raffinierte, moderne und elegante Designs, die die exquisite Handwerkskunst und das Savoir-faire des Hauses widerspiegeln. G\u00e4ste aus aller Welt waren geladen. Die Wahl fiel auf die Stadt des Lichts aufgrund ihres ewig romantischen Flairs, ihrer faszinierenden Geschichte und ihrer Beziehung zur Mode. Alles begann am Freitag mit einer Vorfeier auf einem Boot auf der Seine. Die Braut entschied sich f\u00fcr ein kurzes Kleid in sanfter Perlenfarbe mit Mikroperlen und Silbergarn, abgerundet mit Kristallfransen: ein umwerfendes, \u00e4rmelloses Design mit U-Boot-Ausschnitt, das an den Stil der 20er-Jahre und den Glamour des Gro\u00dfen Gatsby erinnert. Die Designerin und Mutter des Br\u00e4utigams trug eine Hose und eine Bluse aus nat\u00fcrlichem Seidenkrepp in Klein Blue. Der Br\u00e4utigam trug ein elegantes beiges Leinen- und Seidenjackett von Canali und eine dunkelblaue Hose. Die religi\u00f6se Zeremonie am Samstag fand auf Wunsch des Paares in der beeindruckenden Basilika Sainte-Clotilde statt, eine Kirche aus [&hellip;]<\/p>\n","protected":false},"author":1,"featured_media":12444,"comment_status":"closed","ping_status":"closed","sticky":false,"template":"","format":"standard","meta":{"footnotes":""},"categories":[14],"tags":[],"class_list":["post-12441","post","type-post","status-publish","format-standard","has-post-thumbnail","hentry","category-news"],"_links":{"self":[{"href":"https:\/\/www.bridal-times.com\/de\/wp-json\/wp\/v2\/posts\/12441","targetHints":{"allow":["GET"]}}],"collection":[{"href":"https:\/\/www.bridal-times.com\/de\/wp-json\/wp\/v2\/posts"}],"about":[{"href":"https:\/\/www.bridal-times.com\/de\/wp-json\/wp\/v2\/types\/post"}],"author":[{"embeddable":true,"href":"https:\/\/www.bridal-times.com\/de\/wp-json\/wp\/v2\/users\/1"}],"replies":[{"embeddable":true,"href":"https:\/\/www.bridal-times.com\/de\/wp-json\/wp\/v2\/comments?post=12441"}],"version-history":[{"count":2,"href":"https:\/\/www.bridal-times.com\/de\/wp-json\/wp\/v2\/posts\/12441\/revisions"}],"predecessor-version":[{"id":12450,"href":"https:\/\/www.bridal-times.com\/de\/wp-json\/wp\/v2\/posts\/12441\/revisions\/12450"}],"wp:featuredmedia":[{"embeddable":true,"href":"https:\/\/www.bridal-times.com\/de\/wp-json\/wp\/v2\/media\/12444"}],"wp:attachment":[{"href":"https:\/\/www.bridal-times.com\/de\/wp-json\/wp\/v2\/media?parent=12441"}],"wp:term":[{"taxonomy":"category","embeddable":true,"href":"https:\/\/www.bridal-times.com\/de\/wp-json\/wp\/v2\/categories?post=12441"},{"taxonomy":"post_tag","embeddable":true,"href":"https:\/\/www.bridal-times.com\/de\/wp-json\/wp\/v2\/tags?post=12441"}],"curies":[{"name":"wp","href":"https:\/\/api.w.org\/{rel}","templated":true}]}}