{"id":11503,"date":"2023-01-09T13:29:27","date_gmt":"2023-01-09T12:29:27","guid":{"rendered":"https:\/\/www.bridal-times.com\/de\/?p=11503"},"modified":"2023-01-10T10:36:43","modified_gmt":"2023-01-10T09:36:43","slug":"marijke-everhardus-wird-mitglied-bei-bridal-collective","status":"publish","type":"post","link":"https:\/\/www.bridal-times.com\/de\/marijke-everhardus-wird-mitglied-bei-bridal-collective\/","title":{"rendered":"Marijke Everhardus wird Mitglied bei Bridal Collective"},"content":{"rendered":"<blockquote><p>Ab dem 1. Januar 2023 wird Marijke Everhardus bei Bridal Collective als Account Executive f\u00fcr Skandinavien, Finnland und die Baltischen Staaten starten.<\/p><\/blockquote>\n<p>Vertriebsleiter Thomas Plugge erkl\u00e4rt:<\/p>\n<p><img loading=\"lazy\" decoding=\"async\" class=\"alignleft size-full wp-image-11511\" src=\"https:\/\/www.bridal-times.com\/de\/wp-content\/uploads\/2023\/01\/BridalCollective_Thomas-Plugge-Resized.jpg\" alt=\"\" width=\"300\" height=\"230\" srcset=\"https:\/\/www.bridal-times.com\/de\/wp-content\/uploads\/2023\/01\/BridalCollective_Thomas-Plugge-Resized.jpg 300w, https:\/\/www.bridal-times.com\/de\/wp-content\/uploads\/2023\/01\/BridalCollective_Thomas-Plugge-Resized-150x115.jpg 150w\" sizes=\"auto, (max-width: 300px) 100vw, 300px\" \/><i>\u201e<\/i>Ich kenne Marijke seit Jahren als hoch angesehene Kollegin aus unserer Branche. Ich freue mich daher, Marijke in unserem Unternehmen willkommen zu hei\u00dfen. Von unserem B\u00fcro in Hengelo aus wird Marijke f\u00fcr den Verkauf und die Vertretung unserer Marken auf den nordeurop\u00e4ischen M\u00e4rkten verantwortlich sein. Mit dieser neuen Aufstellung k\u00f6nnen wir schneller mit unseren Kunden schalten, um eine noch gezieltere Vertriebsunterst\u00fctzung anzubieten. Mit ihrer langj\u00e4hrigen Erfahrung und ihrem hervorragenden Ruf bin ich \u00fcberzeugt, dass wir unser Servicelevel f\u00fcr unsere Kunden in Skandinavien, Finnland und den Baltischen Staaten auf eine neue Plattform heben k\u00f6nnen.<\/p>\n<p>Das tut dem Engagement von Frank Ib, dem Vorg\u00e4nger von Marijke, keinen Abbruch. Wir danken Frank f\u00fcr seine langj\u00e4hrige Treue zum Unternehmen, seinen unerm\u00fcdlichen Einsatz und seine qualitativ hochwertige Vertretung. Wir w\u00fcnschen Frank viel Erfolg auf seinem weiteren Weg.&#8220;<\/p>\n<p>Marijke f\u00fcgt hinzu:<\/p>\n<p><i>\u201e<\/i>Ich freue mich sehr darauf, die umfangreichen und fantastischen Kollektionen von Bridal Collective in Nordeuropa zu pr\u00e4sentieren. Ich kann es kaum erwarten, die Kundenbeziehung zu unseren bestehenden und zuk\u00fcnftigen Kunden auf die n\u00e4chste Stufe zu heben, indem ich noch mehr Fokus auf die Designs und das Branding unserer hochwertigen und trendsetzende Produkte lege. Ich bin sehr stolz darauf, mit einem starken und etablierten Unternehmen in unsere Branche zur\u00fcckzukehren! Ich freue mich auf meine gemeinsame Zukunft mit dem begeisterten Team von Bridal Collective!&#8220;<\/p>\n<p>F\u00fcr weitere Informationen \u00fcber die Marke besuchen Sie <a href=\"https:\/\/bridal-collective.com\/de\" target=\"_blank\" rel=\"noopener\"><strong>Bridal Collective<\/strong><\/a><\/p>\n<p><em>\u00a0<\/em><\/p>\n","protected":false},"excerpt":{"rendered":"<p>Ab dem 1. Januar 2023 wird Marijke Everhardus bei Bridal Collective als Account Executive f\u00fcr Skandinavien, Finnland und die Baltischen Staaten starten. Vertriebsleiter Thomas Plugge erkl\u00e4rt: \u201eIch kenne Marijke seit Jahren als hoch angesehene Kollegin aus unserer Branche. Ich freue mich daher, Marijke in unserem Unternehmen willkommen zu hei\u00dfen. Von unserem B\u00fcro in Hengelo aus wird Marijke f\u00fcr den Verkauf und die Vertretung unserer Marken auf den nordeurop\u00e4ischen M\u00e4rkten verantwortlich sein. Mit dieser neuen Aufstellung k\u00f6nnen wir schneller mit unseren Kunden schalten, um eine noch gezieltere Vertriebsunterst\u00fctzung anzubieten. Mit ihrer langj\u00e4hrigen Erfahrung und ihrem hervorragenden Ruf bin ich \u00fcberzeugt, dass wir unser Servicelevel f\u00fcr unsere Kunden in Skandinavien, Finnland und den Baltischen Staaten auf eine neue Plattform heben k\u00f6nnen. Das tut dem Engagement von Frank Ib, dem Vorg\u00e4nger von Marijke, keinen Abbruch. Wir danken Frank f\u00fcr seine langj\u00e4hrige Treue zum Unternehmen, seinen unerm\u00fcdlichen Einsatz und seine qualitativ hochwertige Vertretung. Wir w\u00fcnschen Frank viel Erfolg auf seinem weiteren Weg.&#8220; Marijke f\u00fcgt hinzu: \u201eIch freue mich sehr darauf, die umfangreichen und fantastischen Kollektionen von Bridal Collective in Nordeuropa zu pr\u00e4sentieren. Ich kann es kaum erwarten, die Kundenbeziehung zu unseren bestehenden und zuk\u00fcnftigen Kunden auf die n\u00e4chste Stufe zu heben, indem ich noch [&hellip;]<\/p>\n","protected":false},"author":1,"featured_media":11527,"comment_status":"closed","ping_status":"closed","sticky":false,"template":"","format":"standard","meta":{"footnotes":""},"categories":[14],"tags":[],"class_list":["post-11503","post","type-post","status-publish","format-standard","has-post-thumbnail","hentry","category-news"],"_links":{"self":[{"href":"https:\/\/www.bridal-times.com\/de\/wp-json\/wp\/v2\/posts\/11503","targetHints":{"allow":["GET"]}}],"collection":[{"href":"https:\/\/www.bridal-times.com\/de\/wp-json\/wp\/v2\/posts"}],"about":[{"href":"https:\/\/www.bridal-times.com\/de\/wp-json\/wp\/v2\/types\/post"}],"author":[{"embeddable":true,"href":"https:\/\/www.bridal-times.com\/de\/wp-json\/wp\/v2\/users\/1"}],"replies":[{"embeddable":true,"href":"https:\/\/www.bridal-times.com\/de\/wp-json\/wp\/v2\/comments?post=11503"}],"version-history":[{"count":18,"href":"https:\/\/www.bridal-times.com\/de\/wp-json\/wp\/v2\/posts\/11503\/revisions"}],"predecessor-version":[{"id":11525,"href":"https:\/\/www.bridal-times.com\/de\/wp-json\/wp\/v2\/posts\/11503\/revisions\/11525"}],"wp:featuredmedia":[{"embeddable":true,"href":"https:\/\/www.bridal-times.com\/de\/wp-json\/wp\/v2\/media\/11527"}],"wp:attachment":[{"href":"https:\/\/www.bridal-times.com\/de\/wp-json\/wp\/v2\/media?parent=11503"}],"wp:term":[{"taxonomy":"category","embeddable":true,"href":"https:\/\/www.bridal-times.com\/de\/wp-json\/wp\/v2\/categories?post=11503"},{"taxonomy":"post_tag","embeddable":true,"href":"https:\/\/www.bridal-times.com\/de\/wp-json\/wp\/v2\/tags?post=11503"}],"curies":[{"name":"wp","href":"https:\/\/api.w.org\/{rel}","templated":true}]}}