{"id":11065,"date":"2022-10-27T13:42:15","date_gmt":"2022-10-27T11:42:15","guid":{"rendered":"https:\/\/www.bridal-times.com\/de\/?p=11065"},"modified":"2022-10-27T21:27:26","modified_gmt":"2022-10-27T19:27:26","slug":"exklusives-interview-mit-siegrid-hampsink-direktorin-der-european-bridal-week","status":"publish","type":"post","link":"https:\/\/www.bridal-times.com\/de\/exklusives-interview-mit-siegrid-hampsink-direktorin-der-european-bridal-week\/","title":{"rendered":"Exklusives Interview mit Siegrid Hampsink, Event Director der European Bridal Week"},"content":{"rendered":"<blockquote><p>In einem exklusiven Interview erz\u00e4hlt Siegrid Hampsink der Bridal Times mehr \u00fcber die bedeutsame Entscheidung, die Interbride und die European Bridal Week zusammen zu legen und verr\u00e4t die ersten aufregenden Highlights der kommenden Show im April 2023.<\/p><\/blockquote>\n<p><strong>Siegrid, wie kam es zu Stande, dass <\/strong><strong>die Interbride und die European Bridal Week sich zu einer Messe zusammengeschlossen haben? <\/strong><\/p>\n<p>Die Verantwortlichen beider Messen sahen sich in der Pflicht, gemeinschaftlich den Forderungen der zahlreichen Besucher beider Brautmodenmessen nachzukommen und eine Order-Plattform in Deutschland zu schaffen, welche allen Bereichen der Industrie ein Forum bieten kann. Durch den Zusammenschluss beider Messen wollen wir nun die Brautmodenindustrie in Deutschland st\u00e4rken und f\u00fcr zuk\u00fcnftige Marktentwicklungen bestm\u00f6glich positionieren. Denn es gibt hier einen Aspekt, der uns zusammenbringt und vereint, und das ist Leidenschaft f\u00fcr die Branche. Und darum hei\u00dft es nun f\u00fcr die kommende Messe: \u201eCreating Magic Together\u201c.<\/p>\n<p><strong>Wie war die generelle Reaktion seitens der Brautmodenindustrie in Europa auf diese doch recht bemerkenswert Entscheidung?<\/strong><\/p>\n<p>Wir haben zahlreiche Reaktionen erhalten, nachdem die Vorstandsmitglieder und Partner der Interbride und wir vom Organisationsteam der European Bridal Week gemeinsam verk\u00fcndet haben, dass diese beiden marktf\u00fchrenden Messen sich zu einer Veranstaltung zusammenschlie\u00dfen. Das Feedback war durchweg positiv, dies sowohl von Seiten der Aussteller und insbesondere von Seiten der Besucher und somit seitens des Einzelhandels. Wir hatten den Eindruck, dass der Handel bereits seit langer Zeit auf eine solche Fusion gehofft, wenn nicht sogar gewartet hat.<\/p>\n<p><img loading=\"lazy\" decoding=\"async\" class=\"alignnone size-full wp-image-11070\" src=\"https:\/\/www.bridal-times.com\/de\/wp-content\/uploads\/2022\/10\/15_20220430-199-5T1A4444-Kopie.jpg\" alt=\"\" width=\"1280\" height=\"853\" srcset=\"https:\/\/www.bridal-times.com\/de\/wp-content\/uploads\/2022\/10\/15_20220430-199-5T1A4444-Kopie.jpg 1280w, https:\/\/www.bridal-times.com\/de\/wp-content\/uploads\/2022\/10\/15_20220430-199-5T1A4444-Kopie-300x200.jpg 300w, https:\/\/www.bridal-times.com\/de\/wp-content\/uploads\/2022\/10\/15_20220430-199-5T1A4444-Kopie-1024x682.jpg 1024w, https:\/\/www.bridal-times.com\/de\/wp-content\/uploads\/2022\/10\/15_20220430-199-5T1A4444-Kopie-768x512.jpg 768w, https:\/\/www.bridal-times.com\/de\/wp-content\/uploads\/2022\/10\/15_20220430-199-5T1A4444-Kopie-1140x760.jpg 1140w, https:\/\/www.bridal-times.com\/de\/wp-content\/uploads\/2022\/10\/15_20220430-199-5T1A4444-Kopie-150x100.jpg 150w, https:\/\/www.bridal-times.com\/de\/wp-content\/uploads\/2022\/10\/15_20220430-199-5T1A4444-Kopie-500x333.jpg 500w, https:\/\/www.bridal-times.com\/de\/wp-content\/uploads\/2022\/10\/15_20220430-199-5T1A4444-Kopie-520x347.jpg 520w\" sizes=\"auto, (max-width: 1280px) 100vw, 1280px\" \/><\/p>\n<p><strong>Wird es eine offizielle Namens\u00e4nderung geben? Und wird die Fachmesse weiterhin in Essen stattfinden oder an einen anderen Ort wechseln?<\/strong><\/p>\n<p>Die zuk\u00fcnftige Messe wird als European Bridal Week in der Messe Essen stattfinden. Damit bleibt Essen der internationale Treffpunkt f\u00fcr die gesamte Brautmodenindustrie, wenn hier vom <strong>01. &#8211; 03. April<\/strong> im kommenden Jahr wieder das ultimative Order- und Networking-Event f\u00fcr die Branche stattfinden wird.<\/p>\n<p><strong>Welche neuen Aspekte bringt diese Entscheidung sowohl f\u00fcr die Aussteller der European Bridal Week als auch der Interbride mit sich?<\/strong><\/p>\n<p>Von nun an gilt es die vielseitigen Kompetenzen aller zu b\u00fcndeln, um sich zusammen noch breiter aufzustellen. Besuchern einer gemeinsamen Messe bieten wir hier somit ein facettenreiches Portfolio an internationalen und hochwertigen Ausstellern, die sich durch Individualit\u00e4t voneinander abgrenzen. W\u00e4hrend sich f\u00fcr die Aussteller neue Zielgruppen erschlie\u00dfen, k\u00f6nnen Eink\u00e4ufer fokussiert ordern, denn sie finden alles unter einem Dach.<\/p>\n<p>Es ist das gemeinsame Ziel aller, w\u00e4hrend der kommenden Messen prosperierende Impulse f\u00fcr die Industrie zu setzen. Durch den Zusammenschluss beider Messen wollen wir insbesondere den Einzelhandel unterst\u00fctzen und Besuchern einen optimalen Mehrwert zu bieten.<\/p>\n<p><img loading=\"lazy\" decoding=\"async\" class=\"alignnone size-full wp-image-10473\" src=\"https:\/\/www.bridal-times.com\/de\/wp-content\/uploads\/2022\/07\/20220711_Imagery-01.jpg\" alt=\"\" width=\"1280\" height=\"853\" srcset=\"https:\/\/www.bridal-times.com\/de\/wp-content\/uploads\/2022\/07\/20220711_Imagery-01.jpg 1280w, https:\/\/www.bridal-times.com\/de\/wp-content\/uploads\/2022\/07\/20220711_Imagery-01-300x200.jpg 300w, https:\/\/www.bridal-times.com\/de\/wp-content\/uploads\/2022\/07\/20220711_Imagery-01-1024x682.jpg 1024w, https:\/\/www.bridal-times.com\/de\/wp-content\/uploads\/2022\/07\/20220711_Imagery-01-768x512.jpg 768w, https:\/\/www.bridal-times.com\/de\/wp-content\/uploads\/2022\/07\/20220711_Imagery-01-1140x760.jpg 1140w, https:\/\/www.bridal-times.com\/de\/wp-content\/uploads\/2022\/07\/20220711_Imagery-01-150x100.jpg 150w, https:\/\/www.bridal-times.com\/de\/wp-content\/uploads\/2022\/07\/20220711_Imagery-01-500x333.jpg 500w, https:\/\/www.bridal-times.com\/de\/wp-content\/uploads\/2022\/07\/20220711_Imagery-01-520x347.jpg 520w\" sizes=\"auto, (max-width: 1280px) 100vw, 1280px\" \/><\/p>\n<p><strong>K\u00f6nnen die Besucher auch f\u00fcr 2023 mit einer vergr\u00f6\u00dferten Ausstellungsfl\u00e4che rechnen?<\/strong><\/p>\n<p>Die Besucher der European Bridal Week k\u00f6nnen sich auf ein gr\u00f6\u00dferes Angebot an Kollektionen und neuen Designs freuen als dies bereits in diesem Jahr in Essen der Fall war. Schon jetzt k\u00f6nnen wir sagen, dass das Ausstellerportfolio mehr als 500 Marken umfassen wird. In zwei gro\u00dfen Hallen der Messe Essen finden Besucher hier neben den Herstellern, die bereits in den vergangenen Jahren auf der Interbride und der European Bridal Week vertreten waren, auch noch weitere, neue und innovative Marken, die Besuchern Inspirationen f\u00fcr die kommende Saison bieten.<\/p>\n<p>Mit einer ausgezeichneten Mischung und gro\u00dfen Vielfalt in den Bereichen Brautmode, Abendmode, Herrenmode, Kindermode und Accessoires sowie Haute Couture findet der Fachhandel hier ein breites Angebot von nicht nur etablierten internationalen Labels, sondern auch von neuen, aufstrebenden Talenten; und dies auch passend f\u00fcr jedes entsprechende Budget.<\/p>\n<p><strong>Auf welche Messe-Highlights k\u00f6nnen sich die Besucher der European Bridal Week freuen?<\/strong><\/p>\n<p>Die sehenswerten <strong>Catwalk Shows<\/strong> der European Bridal Week werden mit den entsprechenden Designer Shows und multi-brand Fashion Shows sicherlich zum Highlight eines Order-Tages werden. Zu den Kollektionen, die hier pr\u00e4sentiert werden, z\u00e4hlen sowohl gro\u00dfe internationale Namen als auch neue Labels, die die Trends von Morgen ins Rampenlicht setzen.<\/p>\n<p>Das Herzst\u00fcck der Messe war und bleibt unsere exklusiven <strong>Champagner-Bar<\/strong>. Wir laden unsere Besucher ein, hier bei einem Glas Champagner und k\u00f6stlichen H\u00e4ppchen zu entspannen oder mit Kollegen zu netzwerken.<\/p>\n<p>Ganz neu wird im kommenden Jahr die <strong>Instagram-Candy-Bar<\/strong> sein. Dies wird nicht nur der s\u00fc\u00dfeste Platz der Branche sein, sondern hier k\u00f6nnen Besucher sich eine kleine Auszeit g\u00f6nne, um zugleich die eigenen Social-Media-Kan\u00e4le mit frischem Fashion-Futter zu bespielen.<\/p>\n<p>Zudem planen wir f\u00fcr diesen Bereich interessante <strong>\u201eMeet &amp; Greet\u201c Sessions<\/strong>, w\u00e4hrend jener Besucher die M\u00f6glichkeit haben, sich mit Social Media Spezialisten aus dem Brautmodenbereich auszutauschen.<\/p>\n<p>Dass somit das WiFi auf der European Bridal Week wie in den vergangenen Jahren kostenfrei ist, steht somit au\u00dfer Frage.<\/p>\n<p><img loading=\"lazy\" decoding=\"async\" class=\"alignnone size-full wp-image-10476\" src=\"https:\/\/www.bridal-times.com\/de\/wp-content\/uploads\/2022\/07\/20220711_Imagery-02.jpg\" alt=\"\" width=\"1280\" height=\"853\" srcset=\"https:\/\/www.bridal-times.com\/de\/wp-content\/uploads\/2022\/07\/20220711_Imagery-02.jpg 1280w, https:\/\/www.bridal-times.com\/de\/wp-content\/uploads\/2022\/07\/20220711_Imagery-02-300x200.jpg 300w, https:\/\/www.bridal-times.com\/de\/wp-content\/uploads\/2022\/07\/20220711_Imagery-02-1024x682.jpg 1024w, https:\/\/www.bridal-times.com\/de\/wp-content\/uploads\/2022\/07\/20220711_Imagery-02-768x512.jpg 768w, https:\/\/www.bridal-times.com\/de\/wp-content\/uploads\/2022\/07\/20220711_Imagery-02-1140x760.jpg 1140w, https:\/\/www.bridal-times.com\/de\/wp-content\/uploads\/2022\/07\/20220711_Imagery-02-150x100.jpg 150w, https:\/\/www.bridal-times.com\/de\/wp-content\/uploads\/2022\/07\/20220711_Imagery-02-500x333.jpg 500w, https:\/\/www.bridal-times.com\/de\/wp-content\/uploads\/2022\/07\/20220711_Imagery-02-520x347.jpg 520w\" sizes=\"auto, (max-width: 1280px) 100vw, 1280px\" \/><\/p>\n<p><strong>Wo l\u00e4sst sich die European Bridal Week nun nach der Fusion beider Messen innerhalb der Welt der wichtigsten Brautmodenmessen in Nordeuropa verorten?<\/strong><\/p>\n<p>Deutschland war bereits in den vergangenen Jahren ein starker Standort f\u00fcr die Brautmodenindustrie. Dies war f\u00fcr Hersteller mit Blick auf entsprechende Ordervolumina im Vergleich zu anderen Regionen ersichtlich. Zugleich konnte sich der Einzelhandel eine hohe Motivation erhalten und blieb lebendig.<\/p>\n<p>Mit dem Zusammenschluss beider Messen, erh\u00e4lt der Handel nun eine noch stabilere Plattform in Deutschland; das ist ein positives Zeichen in herausfordernden Zeiten.<\/p>\n<p>Wenn es sich um die Welt der internationalen Braut- und Abendmoden dreht, dann war Essen immer ein Anlaufpunkt und wird es stets bleiben. Mehrere hundert aufregende Labels der weltweit renommiertesten Impulsgeber aus der Brautmodenbranche haben die Position der European Bridal Week als gr\u00f6\u00dftes Kaufevent der Branche in Nordeuropa weiter gest\u00e4rkt, und das wird auch im kommenden Jahr so sein.<\/p>\n<p><strong>Was hat sich die European Bridal Week f\u00fcr die kommenden Ausgabe zum Ziel gesetzt, und wie sehen dann die weiteren Planungen aus?<\/strong><\/p>\n<p>Als Organisatoren einer Fachmesse m\u00fcssen wir uns dar\u00fcber im Klaren sein, dass es nicht immer \u201eh\u00f6her, schneller, weiter\u201c geht; das muss es auch gar nicht. Der richtige Mix von wohl etablierten Designern und Herstellern in Kombination mit neuen und wahrlich \u201aanziehenden\u2018 Marken ist unser Erfolgskonzept, und dem m\u00f6chten wir f\u00fcr die European Bridal Week auch treu bleiben. Als Fachmesse bieten wir demnach genau das, wonach in der Brautmodenbranche gefragt wird: Qualit\u00e4t, Auswahl und Stil.<\/p>\n<p>Auch wenn wir die Bed\u00fcrfnisse im Handel und im Einzelhandel kennen, so h\u00f6ren wir zu, wir agieren und realisieren. Dabei ist es und bleibt es f\u00fcr uns ein elementarer Aspekt, stets mit gro\u00dfer Transparenz als ein zuverl\u00e4ssiger Partner f\u00fcr alle Seiten ansprechbar zu sein. Unser Ziel ist es, allen Beteiligten der Branche eine Plattform des fairen Miteinanders zu bieten, so dass der Handel hier selbst seine St\u00e4rken erkennt und daraus immer wieder neu erwachsen kann. Dies m\u00f6chten wir jetzt und in den kommen Jahren mit allen Mitgliedern innerhalb der Brautmodenbranche gemeinsam realisieren: \u201eCreating Magic Together\u201c.<\/p>\n<p><strong>Wir bedanken uns bei Siegrid Hampsink von European Bridal Week f\u00fcr dieses Interview.<\/strong><\/p>\n<p>F\u00fcr weitere Informationen \u00fcber die Messe besuchen Sie <a href=\"https:\/\/europeanbridalweek.de\/\" target=\"_blank\" rel=\"noopener\">European Bridal Week<\/a>.<\/p>\n<p><iframe loading=\"lazy\" title=\"YouTube video player\" src=\"https:\/\/www.youtube.com\/embed\/vreJUyNeQIM\" width=\"560\" height=\"315\" frameborder=\"0\" allowfullscreen=\"allowfullscreen\"><\/iframe><\/p>\n","protected":false},"excerpt":{"rendered":"<p>In einem exklusiven Interview erz\u00e4hlt Siegrid Hampsink der Bridal Times mehr \u00fcber die bedeutsame Entscheidung, die Interbride und die European Bridal Week zusammen zu legen und verr\u00e4t die ersten aufregenden Highlights der kommenden Show im April 2023. Siegrid, wie kam es zu Stande, dass die Interbride und die European Bridal Week sich zu einer Messe zusammengeschlossen haben? Die Verantwortlichen beider Messen sahen sich in der Pflicht, gemeinschaftlich den Forderungen der zahlreichen Besucher beider Brautmodenmessen nachzukommen und eine Order-Plattform in Deutschland zu schaffen, welche allen Bereichen der Industrie ein Forum bieten kann. Durch den Zusammenschluss beider Messen wollen wir nun die Brautmodenindustrie in Deutschland st\u00e4rken und f\u00fcr zuk\u00fcnftige Marktentwicklungen bestm\u00f6glich positionieren. Denn es gibt hier einen Aspekt, der uns zusammenbringt und vereint, und das ist Leidenschaft f\u00fcr die Branche. Und darum hei\u00dft es nun f\u00fcr die kommende Messe: \u201eCreating Magic Together\u201c. Wie war die generelle Reaktion seitens der Brautmodenindustrie in Europa auf diese doch recht bemerkenswert Entscheidung? Wir haben zahlreiche Reaktionen erhalten, nachdem die Vorstandsmitglieder und Partner der Interbride und wir vom Organisationsteam der European Bridal Week gemeinsam verk\u00fcndet haben, dass diese beiden marktf\u00fchrenden Messen sich zu einer Veranstaltung zusammenschlie\u00dfen. Das Feedback war durchweg positiv, dies sowohl von Seiten der Aussteller [&hellip;]<\/p>\n","protected":false},"author":1,"featured_media":11066,"comment_status":"closed","ping_status":"closed","sticky":false,"template":"","format":"standard","meta":{"footnotes":""},"categories":[17,23,14,62],"tags":[],"class_list":["post-11065","post","type-post","status-publish","format-standard","has-post-thumbnail","hentry","category-designer-news","category-events","category-news","category-top-news"],"_links":{"self":[{"href":"https:\/\/www.bridal-times.com\/de\/wp-json\/wp\/v2\/posts\/11065","targetHints":{"allow":["GET"]}}],"collection":[{"href":"https:\/\/www.bridal-times.com\/de\/wp-json\/wp\/v2\/posts"}],"about":[{"href":"https:\/\/www.bridal-times.com\/de\/wp-json\/wp\/v2\/types\/post"}],"author":[{"embeddable":true,"href":"https:\/\/www.bridal-times.com\/de\/wp-json\/wp\/v2\/users\/1"}],"replies":[{"embeddable":true,"href":"https:\/\/www.bridal-times.com\/de\/wp-json\/wp\/v2\/comments?post=11065"}],"version-history":[{"count":10,"href":"https:\/\/www.bridal-times.com\/de\/wp-json\/wp\/v2\/posts\/11065\/revisions"}],"predecessor-version":[{"id":11078,"href":"https:\/\/www.bridal-times.com\/de\/wp-json\/wp\/v2\/posts\/11065\/revisions\/11078"}],"wp:featuredmedia":[{"embeddable":true,"href":"https:\/\/www.bridal-times.com\/de\/wp-json\/wp\/v2\/media\/11066"}],"wp:attachment":[{"href":"https:\/\/www.bridal-times.com\/de\/wp-json\/wp\/v2\/media?parent=11065"}],"wp:term":[{"taxonomy":"category","embeddable":true,"href":"https:\/\/www.bridal-times.com\/de\/wp-json\/wp\/v2\/categories?post=11065"},{"taxonomy":"post_tag","embeddable":true,"href":"https:\/\/www.bridal-times.com\/de\/wp-json\/wp\/v2\/tags?post=11065"}],"curies":[{"name":"wp","href":"https:\/\/api.w.org\/{rel}","templated":true}]}}