{"id":10472,"date":"2022-07-11T15:56:28","date_gmt":"2022-07-11T13:56:28","guid":{"rendered":"https:\/\/www.bridal-times.com\/de\/?p=10472"},"modified":"2022-07-15T10:35:32","modified_gmt":"2022-07-15T08:35:32","slug":"zusammenschluss-von-interbride-bridal-fashion-fair-und-european-bridal-week","status":"publish","type":"post","link":"https:\/\/www.bridal-times.com\/de\/zusammenschluss-von-interbride-bridal-fashion-fair-und-european-bridal-week\/","title":{"rendered":"Zusammenschluss von Interbride Bridal Fashion Fair und European Bridal Week"},"content":{"rendered":"<p>Getreu dem Motto \u201eVon der Industrie. F\u00fcr die Industrie\u201c freuen sich die Vorstandsmitglieder und Partner der Interbride Bridal Fashion Fair und das Organisationsteam der European Bridal Week von United Fairs verk\u00fcnden zu k\u00f6nnen, dass diese beiden marktf\u00fchrenden Messen sich zu einer Veranstaltung zusammenschlie\u00dfen.<\/p>\n<p>Durch den Zusammenschluss beider Messen will man die Brautmodenindustrie st\u00e4rken und f\u00fcr zuk\u00fcnftige Marktentwicklungen bestm\u00f6glich positionieren, denn allen ist bewusst, dass die Leidenschaft f\u00fcr die Branche sie vereint: \u201eBecause Passion Unites Us\u201c.<\/p>\n<p><img loading=\"lazy\" decoding=\"async\" class=\"alignnone size-full wp-image-10476\" src=\"https:\/\/www.bridal-times.com\/de\/wp-content\/uploads\/2022\/07\/20220711_Imagery-02.jpg\" alt=\"\" width=\"1280\" height=\"853\" srcset=\"https:\/\/www.bridal-times.com\/de\/wp-content\/uploads\/2022\/07\/20220711_Imagery-02.jpg 1280w, https:\/\/www.bridal-times.com\/de\/wp-content\/uploads\/2022\/07\/20220711_Imagery-02-300x200.jpg 300w, https:\/\/www.bridal-times.com\/de\/wp-content\/uploads\/2022\/07\/20220711_Imagery-02-1024x682.jpg 1024w, https:\/\/www.bridal-times.com\/de\/wp-content\/uploads\/2022\/07\/20220711_Imagery-02-768x512.jpg 768w, https:\/\/www.bridal-times.com\/de\/wp-content\/uploads\/2022\/07\/20220711_Imagery-02-1140x760.jpg 1140w, https:\/\/www.bridal-times.com\/de\/wp-content\/uploads\/2022\/07\/20220711_Imagery-02-150x100.jpg 150w, https:\/\/www.bridal-times.com\/de\/wp-content\/uploads\/2022\/07\/20220711_Imagery-02-500x333.jpg 500w, https:\/\/www.bridal-times.com\/de\/wp-content\/uploads\/2022\/07\/20220711_Imagery-02-520x347.jpg 520w\" sizes=\"auto, (max-width: 1280px) 100vw, 1280px\" \/><\/p>\n<p>Die Verantwortlichen beider Messen sahen sich in der Pflicht, gemeinschaftlich den Forderungen der zahlreichen Besucher beider Brautmodenmessen nachzukommen und eine Order-Plattform in Deutschland zu schaffen, welche allen Bereichen der Industrie ein Forum bieten kann. Hiermit legt man ein neues Fundament f\u00fcr die gesamte Brautmodenbranche in Deutschland und dar\u00fcber hinaus, welches der Ausgangspunkt daf\u00fcr ist, den Standort Deutschland f\u00fcr den Handel weiter auszubauen.<\/p>\n<p>Von nun an gilt es die vielseitigen Kompetenzen aller zu b\u00fcndeln, um sich zusammen noch breiter aufzustellen. Besuchern einer gemeinsamen Messe bietet man somit ein facettenreiches Portfolio an internationalen und hochwertigen Ausstellern, die sich durch Individualit\u00e4t voneinander abgrenzen. W\u00e4hrend sich f\u00fcr Aussteller neue Zielgruppen erschlie\u00dfen, k\u00f6nnen Eink\u00e4ufer fokussiert ordern, denn sie finden alles unter einem Dach.<\/p>\n<p>Es ist das gemeinsame Ziel aller, w\u00e4hrend der kommenden Messen prosperierende Impulse f\u00fcr die Industrie zu setzen. Durch den Zusammenschluss beider Messen will man insbesondere den Einzelhandel unterst\u00fctzen und Besuchern einen optimalen Mehrwert zu bieten.<\/p>\n<p>Die <strong><a href=\"https:\/\/europeanbridalweek.de\/\" target=\"_blank\" rel=\"noopener\">European Bridal Week<\/a><\/strong> ist damit der effizienteste Branchen- und Kommunikationstreffpunkt f\u00fcr Fashion, Mode und Trends aus aller Welt und findet statt vom <strong>01. \u2013 03. April 2023<\/strong> in der Messe Essen in Essen, Deutschland.<\/p>\n<blockquote><p>&nbsp;<\/p><\/blockquote>\n<p>&nbsp;<\/p>\n","protected":false},"excerpt":{"rendered":"<p>Getreu dem Motto \u201eVon der Industrie. F\u00fcr die Industrie\u201c freuen sich die Vorstandsmitglieder und Partner der Interbride Bridal Fashion Fair und das Organisationsteam der European Bridal Week von United Fairs verk\u00fcnden zu k\u00f6nnen, dass diese beiden marktf\u00fchrenden Messen sich zu einer Veranstaltung zusammenschlie\u00dfen. Durch den Zusammenschluss beider Messen will man die Brautmodenindustrie st\u00e4rken und f\u00fcr zuk\u00fcnftige Marktentwicklungen bestm\u00f6glich positionieren, denn allen ist bewusst, dass die Leidenschaft f\u00fcr die Branche sie vereint: \u201eBecause Passion Unites Us\u201c. Die Verantwortlichen beider Messen sahen sich in der Pflicht, gemeinschaftlich den Forderungen der zahlreichen Besucher beider Brautmodenmessen nachzukommen und eine Order-Plattform in Deutschland zu schaffen, welche allen Bereichen der Industrie ein Forum bieten kann. Hiermit legt man ein neues Fundament f\u00fcr die gesamte Brautmodenbranche in Deutschland und dar\u00fcber hinaus, welches der Ausgangspunkt daf\u00fcr ist, den Standort Deutschland f\u00fcr den Handel weiter auszubauen. Von nun an gilt es die vielseitigen Kompetenzen aller zu b\u00fcndeln, um sich zusammen noch breiter aufzustellen. Besuchern einer gemeinsamen Messe bietet man somit ein facettenreiches Portfolio an internationalen und hochwertigen Ausstellern, die sich durch Individualit\u00e4t voneinander abgrenzen. W\u00e4hrend sich f\u00fcr Aussteller neue Zielgruppen erschlie\u00dfen, k\u00f6nnen Eink\u00e4ufer fokussiert ordern, denn sie finden alles unter einem Dach. Es ist das gemeinsame Ziel aller, w\u00e4hrend [&hellip;]<\/p>\n","protected":false},"author":1,"featured_media":10473,"comment_status":"closed","ping_status":"closed","sticky":false,"template":"","format":"standard","meta":{"footnotes":""},"categories":[17,23,20,62],"tags":[],"class_list":["post-10472","post","type-post","status-publish","format-standard","has-post-thumbnail","hentry","category-designer-news","category-events","category-haendler-news","category-top-news"],"_links":{"self":[{"href":"https:\/\/www.bridal-times.com\/de\/wp-json\/wp\/v2\/posts\/10472","targetHints":{"allow":["GET"]}}],"collection":[{"href":"https:\/\/www.bridal-times.com\/de\/wp-json\/wp\/v2\/posts"}],"about":[{"href":"https:\/\/www.bridal-times.com\/de\/wp-json\/wp\/v2\/types\/post"}],"author":[{"embeddable":true,"href":"https:\/\/www.bridal-times.com\/de\/wp-json\/wp\/v2\/users\/1"}],"replies":[{"embeddable":true,"href":"https:\/\/www.bridal-times.com\/de\/wp-json\/wp\/v2\/comments?post=10472"}],"version-history":[{"count":14,"href":"https:\/\/www.bridal-times.com\/de\/wp-json\/wp\/v2\/posts\/10472\/revisions"}],"predecessor-version":[{"id":10496,"href":"https:\/\/www.bridal-times.com\/de\/wp-json\/wp\/v2\/posts\/10472\/revisions\/10496"}],"wp:featuredmedia":[{"embeddable":true,"href":"https:\/\/www.bridal-times.com\/de\/wp-json\/wp\/v2\/media\/10473"}],"wp:attachment":[{"href":"https:\/\/www.bridal-times.com\/de\/wp-json\/wp\/v2\/media?parent=10472"}],"wp:term":[{"taxonomy":"category","embeddable":true,"href":"https:\/\/www.bridal-times.com\/de\/wp-json\/wp\/v2\/categories?post=10472"},{"taxonomy":"post_tag","embeddable":true,"href":"https:\/\/www.bridal-times.com\/de\/wp-json\/wp\/v2\/tags?post=10472"}],"curies":[{"name":"wp","href":"https:\/\/api.w.org\/{rel}","templated":true}]}}